{"id":1349,"date":"2020-09-12T12:26:48","date_gmt":"2020-09-12T17:26:48","guid":{"rendered":"https:\/\/www.nvcabogados.com\/?p=1349"},"modified":"2025-08-09T15:04:47","modified_gmt":"2025-08-09T20:04:47","slug":"nacionalidad-peruana","status":"publish","type":"post","link":"https:\/\/nvcabogados.com\/es\/nacionalidad-peruana\/","title":{"rendered":"Nacionalidad peruana para hijos de padre o madre peruano nacidos en el extranjero"},"content":{"rendered":"\t\t<div data-elementor-type=\"wp-post\" data-elementor-id=\"1349\" class=\"elementor elementor-1349 elementor-1376\">\n\t\t\t\t\t\t<section class=\"elementor-section elementor-top-section elementor-element elementor-element-41154d9 elementor-section-boxed elementor-section-height-default elementor-section-height-default\" data-id=\"41154d9\" data-element_type=\"section\" data-e-type=\"section\">\n\t\t\t\t\t\t<div class=\"elementor-container elementor-column-gap-default\">\n\t\t\t\t\t<div class=\"elementor-column elementor-col-100 elementor-top-column elementor-element elementor-element-f203a67\" data-id=\"f203a67\" data-element_type=\"column\" data-e-type=\"column\">\n\t\t\t<div class=\"elementor-widget-wrap elementor-element-populated\">\n\t\t\t\t\t\t<div class=\"elementor-element elementor-element-6d19919 elementor-widget elementor-widget-heading\" data-id=\"6d19919\" data-element_type=\"widget\" data-e-type=\"widget\" data-widget_type=\"heading.default\">\n\t\t\t\t<div class=\"elementor-widget-container\">\n\t\t\t\t\t<h2 class=\"elementor-heading-title elementor-size-default\">Situaci\u00f3n actual de los migrantes peruanos<\/h2>\t\t\t\t<\/div>\n\t\t\t\t<\/div>\n\t\t\t\t<div class=\"elementor-element elementor-element-923e4e4 elementor-widget elementor-widget-text-editor\" data-id=\"923e4e4\" data-element_type=\"widget\" data-e-type=\"widget\" data-widget_type=\"text-editor.default\">\n\t\t\t\t<div class=\"elementor-widget-container\">\n\t\t\t\t\t\t\t\t\t<p><span style=\"font-weight: 400;\">Debemos tener presente que m\u00e1s de tres millones de peruanos, eligieron, buscando oportunidades laborales y un bienestar econ\u00f3mico para ellos y sus familias. Las edades promedio de dichas migraciones que se hizo fuerte en la d\u00e9cada del 80 y a\u00fan m\u00e1s intensa en los 90, de una poblaci\u00f3n joven, mayoritariamente entre los 20 y 39 a\u00f1os, muchos de los cuales hoy ya son padres de familia, puesto que han transcurrido m\u00e1s de 30 a\u00f1os de dicha \u00e9poca a la fecha.<\/span><\/p>\t\t\t\t\t\t\t\t<\/div>\n\t\t\t\t<\/div>\n\t\t\t\t<div class=\"elementor-element elementor-element-fdf007c elementor-widget elementor-widget-text-editor\" data-id=\"fdf007c\" data-element_type=\"widget\" data-e-type=\"widget\" data-widget_type=\"text-editor.default\">\n\t\t\t\t<div class=\"elementor-widget-container\">\n\t\t\t\t\t\t\t\t\t<p>Si miramos las cifras oficiales del organismo de estad\u00edstica del Per\u00fa, el I.N.E.I., nos indica que el 10 % del total de la poblaci\u00f3n de ciudadanos peruanos, es decir poco m\u00e1s de tres (3) millones de ciudadanos peruanos, viven en el extranjero, principalmente en U.S.A., Argentina, Chile, Espa\u00f1a e Italia, lideran estas cifras y porcentajes de residentes peruanos, como relata <a href=\"https:\/\/elcomercio.pe\/peru\/tres-millones-peruanos-salieron-pais-han-retornado-noticia-568762-noticia\/?ref=ecr\" target=\"_blank\" rel=\"noopener\">este interesante art\u00edculo del peri\u00f3dico El Comercio<\/a>.<\/p>\t\t\t\t\t\t\t\t<\/div>\n\t\t\t\t<\/div>\n\t\t\t\t<div class=\"elementor-element elementor-element-0fbec2d elementor-widget elementor-widget-heading\" data-id=\"0fbec2d\" data-element_type=\"widget\" data-e-type=\"widget\" data-widget_type=\"heading.default\">\n\t\t\t\t<div class=\"elementor-widget-container\">\n\t\t\t\t\t<h2 class=\"elementor-heading-title elementor-size-default\">Migraci\u00f3n inversa en los tiempos de Covid-19<\/h2>\t\t\t\t<\/div>\n\t\t\t\t<\/div>\n\t\t\t\t<div class=\"elementor-element elementor-element-45364e4 elementor-widget elementor-widget-text-editor\" data-id=\"45364e4\" data-element_type=\"widget\" data-e-type=\"widget\" data-widget_type=\"text-editor.default\">\n\t\t\t\t<div class=\"elementor-widget-container\">\n\t\t\t\t\t\t\t\t\t<p><span style=\"font-weight: 400;\">En los momentos de crisis, muchos personas, se plantean o reconsideran\u00a0 la posibilidad por \u201cvolver a casa\u201d\u00a0 y volver a\u00a0 conectar con\u00a0 sus ra\u00edces, cultura, idioma, reducir costos de vida, evaluar\u00a0 si puedo trabajar en forma \u201cremota\u201d y gozar de la compa\u00f1\u00eda de mi familia y\u00a0 \u00e9sta importante decisi\u00f3n observamos que\u00a0 est\u00e1 siendo extensiva a los hijos de ciudadanos\u00a0 peruanos que nacieron\u00a0 en el extranjero, quien por herencia cultural, idiom\u00e1tica etc, podr\u00edan considerar\u00a0 tambi\u00e9n el proyecto de hacer una migraci\u00f3n inversa, es decir considerar emigrar o vivir en el Per\u00fa, con su familia, pero al ser mayores de 18 a\u00f1os, no pod\u00edan aplicar a la nacionalidad peruana de manera directa, por no haber sido inscritos, por sus padres cuando eran menores de edad, procedimiento que en muchos casos no fue realizado. <\/span><\/p>\t\t\t\t\t\t\t\t<\/div>\n\t\t\t\t<\/div>\n\t\t\t\t<div class=\"elementor-element elementor-element-18d88cf elementor-widget elementor-widget-text-editor\" data-id=\"18d88cf\" data-element_type=\"widget\" data-e-type=\"widget\" data-widget_type=\"text-editor.default\">\n\t\t\t\t<div class=\"elementor-widget-container\">\n\t\t\t\t\t\t\t\t\t<p><span style=\"font-weight: 400;\">Como dato, referencial, sobre la conexi\u00f3n con las autoridades consulares en los pa\u00edses de residencia, hemos visto que del total de migrantes peruanos al exterior que como dijimos superan los 3 millones de personas, solo 800 mil est\u00e1n empadronados y en condiciones de emitir su sufragio. <\/span><\/p>\t\t\t\t\t\t\t\t<\/div>\n\t\t\t\t<\/div>\n\t\t\t\t<div class=\"elementor-element elementor-element-a9b517f elementor-widget elementor-widget-heading\" data-id=\"a9b517f\" data-element_type=\"widget\" data-e-type=\"widget\" data-widget_type=\"heading.default\">\n\t\t\t\t<div class=\"elementor-widget-container\">\n\t\t\t\t\t<h2 class=\"elementor-heading-title elementor-size-default\">Sentimiento de identidad del migrante peruano en el extranjero<\/h2>\t\t\t\t<\/div>\n\t\t\t\t<\/div>\n\t\t\t\t<div class=\"elementor-element elementor-element-4bbddd7 elementor-widget elementor-widget-text-editor\" data-id=\"4bbddd7\" data-element_type=\"widget\" data-e-type=\"widget\" data-widget_type=\"text-editor.default\">\n\t\t\t\t<div class=\"elementor-widget-container\">\n\t\t\t\t\t\t\t\t\t<p><span style=\"font-weight: 400;\">En mi opini\u00f3n personal,\u00a0 me permito agregar que\u00a0 trabajando\u00a0 por\u00a0 m\u00e1s de 13 a\u00f1os, con ciudadanos de los cinco continentes, que desean vivir en el Per\u00fa, por\u00a0 motivos laborales, familiares o personales,\u00a0 sucede algo especial o particular,\u00a0 que tal vez para\u00a0 otras culturas\u00a0 sea dif\u00edcil de entender\u00a0 o hasta podr\u00eda \u00a0 resultar un poco exagerado o alcanzar a comprender la dimensi\u00f3n de lo importante que es para un peruano\u00a0 y sus descendientes,\u00a0 la fuerte\u00a0 conexi\u00f3n con sus ra\u00edces, con sus aromas, con su comida, disfrutar un ceviche con amigos o en familia, dentro o fuera del Per\u00fa, es motivo de alegr\u00eda, de sabor, de\u00a0 emoci\u00f3n y tambi\u00e9n de profunda nostalgia, tengo la convicci\u00f3n que m\u00e1s de una persona que lea \u00e9ste art\u00edculo , podr\u00eda coincidir con \u00e9stas sensaciones.<\/span><\/p>\t\t\t\t\t\t\t\t<\/div>\n\t\t\t\t<\/div>\n\t\t\t\t<div class=\"elementor-element elementor-element-f08bc78 elementor-widget elementor-widget-text-editor\" data-id=\"f08bc78\" data-element_type=\"widget\" data-e-type=\"widget\" data-widget_type=\"text-editor.default\">\n\t\t\t\t<div class=\"elementor-widget-container\">\n\t\t\t\t\t\t\t\t\t<p><span style=\"font-weight: 400;\">As\u00ed podemos se\u00f1alar que en el Per\u00fa, en los \u00faltimos\u00a0 20 a\u00f1os se ha \u00a0 podido observar \u00a0 una constante\u00a0 y creciente sentimiento de identidad con el pa\u00eds, con la \u201cpachamama\u201d,\u00a0 alentada tambi\u00e9n con cifras macroecon\u00f3micas saludables,\u00a0 que promueven la inversi\u00f3n extranjera, Lima es reconocida como la\u00a0 capital gastron\u00f3mica de Latinoam\u00e9rica, sede de eventos de turismo y Machu Picchu, en Cusco,\u00a0 una de las siete maravillas del mundo, la visi\u00f3n del peruano residente\u00a0 en el pa\u00eds o en el extranjero\u00a0 ha cambiado favorablemente en cuanto al sentir\u00a0 una conexi\u00f3n m\u00e1s arraigada\u00a0 con el\u00a0 pa\u00eds\u00a0 que se extiende a sus descendencia\u00a0 que tiene\u00a0 ra\u00edces \u00a0 sangu\u00edneas peruanas, se puede observar una mayor sentimiento de peruanidad, lo veo en muchas acciones de la vida diaria,\u00a0 en mi propia experiencia como padre, con mi hijo Leandro,\u00a0 hoy los chicos, j\u00f3venes\u00a0 y adultos\u00a0 visten la camiseta bicolor, usan\u00a0 gorras, \u00a0 se canta el himno con pasi\u00f3n, hace 2 a\u00f1os Per\u00fa, pudo calificar y participar en el torneo mundial de f\u00fatbol\u00a0 de Rusia 2018, luego de 36 a\u00f1os\u00a0 y eso lleno de felicidad y orgullo\u00a0 a un pa\u00eds entero.<\/span><\/p>\t\t\t\t\t\t\t\t<\/div>\n\t\t\t\t<\/div>\n\t\t\t\t<div class=\"elementor-element elementor-element-9df554a elementor-widget elementor-widget-heading\" data-id=\"9df554a\" data-element_type=\"widget\" data-e-type=\"widget\" data-widget_type=\"heading.default\">\n\t\t\t\t<div class=\"elementor-widget-container\">\n\t\t\t\t\t<h2 class=\"elementor-heading-title elementor-size-default\">Requisitos legales para la inscripci\u00f3n de hijos mayores de 18 a\u00f1os de madre o padre peruano nacidos en el extranjero <\/h2>\t\t\t\t<\/div>\n\t\t\t\t<\/div>\n\t\t\t\t<div class=\"elementor-element elementor-element-4086cfd elementor-widget elementor-widget-text-editor\" data-id=\"4086cfd\" data-element_type=\"widget\" data-e-type=\"widget\" data-widget_type=\"text-editor.default\">\n\t\t\t\t<div class=\"elementor-widget-container\">\n\t\t\t\t\t\t\t\t\t<p><span style=\"font-weight: 400;\">Volviendo al tema que nos convoca,\u00a0 debemos se\u00f1alar, que con fecha <\/span><b><i>14\u00a0 marzo del a\u00f1o 2018<\/i><\/b><b>, <\/b><span style=\"font-weight: 400;\">se public\u00f3 en el Diario oficial \u201c<\/span><b>El Peruano\u201d<\/b><span style=\"font-weight: 400;\">\u00a0 la ley aprobada por el Congreso de la Rep\u00fablica\u00a0 bajo el N\u00ba 30.738, por el cual se modifica\u00a0 parcialmente el art\u00edculo\u00a0 52\u00ba de la Constituci\u00f3n Pol\u00edtica del Per\u00fa,\u00a0 por la cual otorga el car\u00e1cter de <\/span><b>ciudadanos peruanos\u00a0 por nacimiento<\/b><span style=\"font-weight: 400;\">, a las personas nacidas dentro del territorio de la rep\u00fablica del Per\u00fa y tambi\u00e9n a los nacidos\u00a0 en el exterior de padre o madre peruanos, inscritos en el registro correspondiente, conforme ley.<\/span><\/p>\t\t\t\t\t\t\t\t<\/div>\n\t\t\t\t<\/div>\n\t\t\t\t<div class=\"elementor-element elementor-element-d8500e9 elementor-widget elementor-widget-text-editor\" data-id=\"d8500e9\" data-element_type=\"widget\" data-e-type=\"widget\" data-widget_type=\"text-editor.default\">\n\t\t\t\t<div class=\"elementor-widget-container\">\n\t\t\t\t\t\t\t\t\t<p><span style=\"font-weight: 400;\">Ley 30.738<\/span><\/p><p><span style=\"font-weight: 400;\">LEY DE REFORMA DEL ART\u00cdCULO 52o DE LA<\/span><\/p><p><span style=\"font-weight: 400;\">CONSTITUCI\u00d3N POL\u00cdTICA DEL PER\u00da<\/span><\/p><p><span style=\"font-weight: 400;\">Art\u00edculo \u00fanico. Modificaci\u00f3n del primer p\u00e1rrafo del<\/span><\/p><p><span style=\"font-weight: 400;\">art\u00edculo 52\u00ba de la Constituci\u00f3n Pol\u00edtica del Per\u00fa<\/span><\/p><p><span style=\"font-weight: 400;\">Modif\u00edcase el primer p\u00e1rrafo del art\u00edculo 52\u00ba de la<\/span><\/p><p><span style=\"font-weight: 400;\">Constituci\u00f3n Pol\u00edtica del Per\u00fa, conforme al texto siguiente:<\/span><\/p><p><b><i>\u201cArt\u00edculo 52o.- Son peruanos por nacimiento los nacidos<\/i><\/b><\/p><p><b><i>en el territorio de la Rep\u00fablica. Tambi\u00e9n lo son los nacidos<\/i><\/b><\/p><p><b><i>en el exterior de padre o madre peruanos, inscritos en el<\/i><\/b><\/p><p><b><i>registro correspondiente, conforme a ley.<\/i><\/b><\/p>\t\t\t\t\t\t\t\t<\/div>\n\t\t\t\t<\/div>\n\t\t\t\t\t<\/div>\n\t\t<\/div>\n\t\t\t\t\t<\/div>\n\t\t<\/section>\n\t\t\t\t<section class=\"elementor-section elementor-top-section elementor-element elementor-element-d8df102 elementor-section-boxed elementor-section-height-default elementor-section-height-default\" data-id=\"d8df102\" data-element_type=\"section\" data-e-type=\"section\">\n\t\t\t\t\t\t<div class=\"elementor-container elementor-column-gap-default\">\n\t\t\t\t\t<div class=\"elementor-column elementor-col-100 elementor-top-column elementor-element elementor-element-bec12da\" data-id=\"bec12da\" data-element_type=\"column\" data-e-type=\"column\">\n\t\t\t<div class=\"elementor-widget-wrap elementor-element-populated\">\n\t\t\t\t\t\t<div class=\"elementor-element elementor-element-959cf5e elementor-widget elementor-widget-text-editor\" data-id=\"959cf5e\" data-element_type=\"widget\" data-e-type=\"widget\" data-widget_type=\"text-editor.default\">\n\t\t\t\t<div class=\"elementor-widget-container\">\n\t\t\t\t\t\t\t\t\t<p><span style=\"font-weight: 400;\">Link a El Peruano :\u00a0<\/span><\/p><p><a href=\"https:\/\/busquedas.elperuano.pe\/normaslegales\/ley-de-reforma-del-articulo-52-de-la-constitucion-politica-ley-n-30738-1625801-1\/\" target=\"_blank\" rel=\"noopener\"><span style=\"font-weight: 400;\">https:\/\/busquedas.elperuano.pe\/normaslegales\/ley-de-reforma-del-articulo-52-de-la-constitucion-politica-ley-n-30738-1625801-1\/<\/span><\/a><\/p>\t\t\t\t\t\t\t\t<\/div>\n\t\t\t\t<\/div>\n\t\t\t\t<div class=\"elementor-element elementor-element-b5e1c77 elementor-widget elementor-widget-heading\" data-id=\"b5e1c77\" data-element_type=\"widget\" data-e-type=\"widget\" data-widget_type=\"heading.default\">\n\t\t\t\t<div class=\"elementor-widget-container\">\n\t\t\t\t\t<h2 class=\"elementor-heading-title elementor-size-default\">Requisitos para la aplicaci\u00f3n<\/h2>\t\t\t\t<\/div>\n\t\t\t\t<\/div>\n\t\t\t\t<div class=\"elementor-element elementor-element-e881014 elementor-widget elementor-widget-text-editor\" data-id=\"e881014\" data-element_type=\"widget\" data-e-type=\"widget\" data-widget_type=\"text-editor.default\">\n\t\t\t\t<div class=\"elementor-widget-container\">\n\t\t\t\t\t\t\t\t\t<p><span style=\"font-weight: 400;\">A fin de poder ejercer este derecho de jerarqu\u00eda constitucional, ahora s\u00ed podr\u00e1n gestionar su inscripci\u00f3n en el registro del consulado peruano, correspondiente a su domicilio en el exterior, acreditando su v\u00ednculo con su padre o madre que hubiera nacido en el Per\u00fa, con estos documentos:\u00a0\u00a0<\/span><\/p><p><span style=\"font-weight: 400;\">1.- Documento que Acredite V\u00ednculo con padre o madre de nacionalidad peruana<\/span><\/p><ul><li style=\"font-weight: 400;\"><span style=\"font-weight: 400;\">Certificado de nacimiento original del padre o madre peruana actualizado<\/span><\/li><li style=\"font-weight: 400;\"><span style=\"font-weight: 400;\">Documento Nacional de Identidad del padre o madre\u00a0<\/span><\/li><\/ul><p><span style=\"font-weight: 400;\">2.-Certificado de nacimiento original del solicitante, la cual deber\u00e1 estar en buen estado de conservaci\u00f3n si fuera emitido en otro idioma que no fuera el espa\u00f1ol deber\u00e1 tener una traducci\u00f3n simple al idioma espa\u00f1ol<\/span><\/p><p><span style=\"font-weight: 400;\">*Se recomienda gestionar un nuevo Certificado de nacimiento para el tr\u00e1mite ya que dicho documento, quedar\u00e1 en el expediente y no se devuelve el solicitante.<\/span><\/p><p><span style=\"font-weight: 400;\">3.-Documento de identidad del solicitante de la nacionalidad peruana (Pasaporte)\u00a0<\/span><\/p><p><span style=\"font-weight: 400;\">El tr\u00e1mite se deber\u00e1 iniciar solicitando una cita v\u00eda email al Consulado para realizar el tr\u00e1mite \u00a0 ( ver directorio de consulados y su jurisdicci\u00f3n)\u00a0 o verificar los servicios online considerando la situaci\u00f3n pand\u00e9mica, en donde se han reducido enormemente los servicios presenciales.<\/span><\/p><p><span style=\"font-weight: 400;\">link: \u00a0 <a href=\"http:\/\/www.consulado.pe\/paginas\/Inicio.aspx\" target=\"_blank\" rel=\"noopener\">http:\/\/www.consulado.pe\/paginas\/Inicio.aspx<\/a><\/span><\/p><p><span style=\"font-weight: 400;\">El Consulado otorgar\u00e1 para completar y firmar:\u00a0<\/span><\/p><ol><li style=\"font-weight: 400;\"><span style=\"font-weight: 400;\">Solicitar en formulario de inscripci\u00f3n ( la otorga el consulado)<\/span><\/li><li style=\"font-weight: 400;\"><span style=\"font-weight: 400;\">Declaraci\u00f3n Jurada de No inscripci\u00f3n en otro consulado (la otorga el consulado)\u00a0<\/span><\/li><\/ol><p><b>IMPORTANTE:<\/b><span style=\"font-weight: 400;\">\u00a0 Se recomienda confirmar los requisitos requeridos por cada autoridad consular peruana antes de asistir a iniciar su procedimiento de registro, ya que podr\u00eda existir alg\u00fan requisito que pudiera variar o en los pa\u00edses de habla no\u00a0 hispana, se deber\u00e1 traducir los documentos al espa\u00f1ol.<\/span><\/p>\t\t\t\t\t\t\t\t<\/div>\n\t\t\t\t<\/div>\n\t\t\t\t<div class=\"elementor-element elementor-element-fd79d48 elementor-widget elementor-widget-heading\" data-id=\"fd79d48\" data-element_type=\"widget\" data-e-type=\"widget\" data-widget_type=\"heading.default\">\n\t\t\t\t<div class=\"elementor-widget-container\">\n\t\t\t\t\t<h2 class=\"elementor-heading-title elementor-size-default\">Tr\u00e1mite de Registro en Per\u00fa: Ante la RENIEC.<\/h2>\t\t\t\t<\/div>\n\t\t\t\t<\/div>\n\t\t\t\t<div class=\"elementor-element elementor-element-b2cbdc8 elementor-widget elementor-widget-text-editor\" data-id=\"b2cbdc8\" data-element_type=\"widget\" data-e-type=\"widget\" data-widget_type=\"text-editor.default\">\n\t\t\t\t<div class=\"elementor-widget-container\">\n\t\t\t\t\t\t\t\t\t<p><span style=\"font-weight: 400;\">Cuando los vuelos comerciales se reanuden, los interesados tambi\u00e9n venir a Per\u00fa, en condici\u00f3n de turista y tambi\u00e9n podr\u00e1n realizar su procedimiento administrativo ante las oficinas de la RENIEC, dentro del territorio peruano, para lo cual deber\u00e1n traer su <\/span><b>Certificado de Nacimiento,<\/b><span style=\"font-weight: 400;\"> con la legalizaci\u00f3n o sellado de la Convenci\u00f3n de La Haya,\u00a0 conocida\u00a0 mundialmente como la convenci\u00f3n de la \u201c<\/span><b><i>Apostilla\u201d<\/i><\/b><span style=\"font-weight: 400;\"> .<\/span><\/p><p><span style=\"font-weight: 400;\">La legalizaci\u00f3n de la partida de nacimiento del solicitante se realiza ante las autoridades del pa\u00edses de emisi\u00f3n del documento, (pa\u00eds de nacimiento) en el caso que el pa\u00eds de nacimiento del solicitante no\u00a0 haya ratificado la Convenci\u00f3n de La Haya ( Apostilla) entonces s\u00ed deber\u00e1 legalizar su certificado de nacimiento ante el Consulado Peruano, que corresponde\u00a0 a la jurisdicci\u00f3n de su domicilio y\u00a0 posteriormente en Per\u00fa, deber\u00e1 se traducido al espa\u00f1ol por un traductor oficial.<\/span><\/p><p><span style=\"font-weight: 400;\">As\u00ed como tambi\u00e9n deber\u00e1 adjuntar el certificado de nacimiento del padre o madre de nacionalidad peruana, el cual se puede gestionar ante la RENIEC o ante los Registros Civiles, de las Municipalidades, cuando no est\u00e9n conectados con la\u00a0 RENIEC.<\/span><\/p><p><span style=\"font-weight: 400;\">Ante este cuadro de situaci\u00f3n nos pareci\u00f3 oportuno difundir nuestro art\u00edculo, considerando el marco legal vigente y la coyuntura mundial a ra\u00edz de la pandemia del covid-19.<\/span><\/p><p><span style=\"font-weight: 400;\">\u00a0Si usted, requiere una asesor\u00eda personalizada podr\u00e1 comunicarse con nuestra oficina en Lima, a trav\u00e9s de nuestra p\u00e1gina web o coordinar una conferencia online si estuviera interesada en contratar nuestros servicios legales.<\/span><\/p><p><span style=\"font-weight: 400;\">Plazo legal:\u00a0 45 d\u00edas administrativos ( sin considerar feriados, d\u00edas no laborales o fines de semana).<\/span><\/p>\t\t\t\t\t\t\t\t<\/div>\n\t\t\t\t<\/div>\n\t\t\t\t<div class=\"elementor-element elementor-element-c8ae637 elementor-widget elementor-widget-heading\" data-id=\"c8ae637\" data-element_type=\"widget\" data-e-type=\"widget\" data-widget_type=\"heading.default\">\n\t\t\t\t<div class=\"elementor-widget-container\">\n\t\t\t\t\t<h2 class=\"elementor-heading-title elementor-size-default\">Beneficios del pasaporte peruano<\/h2>\t\t\t\t<\/div>\n\t\t\t\t<\/div>\n\t\t\t\t<div class=\"elementor-element elementor-element-3753ce5 elementor-widget elementor-widget-text-editor\" data-id=\"3753ce5\" data-element_type=\"widget\" data-e-type=\"widget\" data-widget_type=\"text-editor.default\">\n\t\t\t\t<div class=\"elementor-widget-container\">\n\t\t\t\t\t\t\t\t\t<p><span style=\"font-weight: 400;\">Podemos se\u00f1alar como algunas de las ventajas de contar con la nacionalidad peruana y por consiguiente\u00a0 luego de obtener el DNI , se podr\u00e1\u00a0 gestionar el PASAPORTE PERUANO ,el cual\u00a0 otorga a la fecha ( agosto 2020) el\u00a0 derecho a su titular a poder visitar 135 pa\u00edses sin\u00a0 tener que gestionar una \u201cvisa de turista\u201d. (por supuesto cuando las condiciones sanitarias se reanuden en cada pa\u00eds, luego de la pandemia del CV-19).\u00a0 Tal como se\u00f1ala la reconocida p\u00e1gina web Henley &amp; Partners and Passport Index.\u00a0<\/span><\/p><p><a href=\"https:\/\/www.henleypassportindex.com\/passport\" target=\"_blank\" rel=\"noopener\"><span style=\"font-weight: 400;\">https:\/\/www.henleypassportindex.com\/passport<\/span><\/a><\/p><p><span style=\"font-weight: 400;\">Agregamos que en Sudam\u00e9rica, se podr\u00e1 viajar, presentando solamente el Documento Nacional de Identidad ( DNI)\u00a0 es decir que no es obligatorio viajar con\u00a0 pasaporte hac\u00eda ocho (8)\u00a0 pa\u00edses en Sudam\u00e9rica (excepto Venezuela, que requiere visa de turista\u00a0 desde el 15 de junio de 2019) .<\/span><\/p><p><span style=\"font-weight: 400;\">Tambi\u00e9n podemos mencionar que\u00a0 por los acuerdos migratorios con los pa\u00edses de la Comunidad Andina de Naciones la C.A.N., se puede gestionar la residencia\u00a0 por ser ciudadano\u00a0 de un pa\u00eds miembro del acuerdo, (<\/span><span style=\"font-weight: 400;\">Bolivia, Colombia, Ecuador y Per\u00fa) as\u00ed tambi\u00e9n por <\/span><span style=\"font-weight: 400;\">el<\/span><span style=\"font-weight: 400;\"> Convenio Mercosur, el cual tambi\u00e9n se aplica a los pa\u00edses miembros de La Comunidad Andina, por lo tanto se puede aplicar a la residencia dentro de sus estados miembros ( Brasil, Argentina, Uruguay y Paraguay), as\u00ed como los miembros de dichos pa\u00edses pueden solicitar su residencia en el Per\u00fa, por razones\u00a0 de reciprocidad basada en los acuerdos aqu\u00ed citados.<\/span><\/p><p><span style=\"font-weight: 400;\">As\u00ed tambi\u00e9n podemos mencionar que con el\u00a0 pasaporte peruano, se puede visitar los pa\u00edses del Acuerdo Schengen. ( 26 pa\u00edses) de Europa sin visa. Es importante tener presente, a partir de\u00a0 la efectiva entrada\u00a0 del Registro de Viaje a la Zona Schengen, conocido como\u00a0 <\/span><b>ETIAS<\/b><span style=\"font-weight: 400;\">, por sus siglas en ingl\u00e9s, es el nuevo\u00a0<\/span><b>Sistema de Informaci\u00f3n y Autorizaci\u00f3n de Viajes<\/b><span style=\"font-weight: 400;\">\u00a0(<\/span><b>SEIAV<\/b><span style=\"font-weight: 400;\">).\u00a0<\/span><\/p><p><span style=\"font-weight: 400;\">*en la p\u00e1gina oficial se informa que su entrada en vigencia ser\u00eda a fines del a\u00f1o 2022\u00a0<\/span><\/p><p><span style=\"font-weight: 400;\">Link:\u00a0 <a href=\"https:\/\/www.etiasvisa.com\/es\" target=\"_blank\" rel=\"noopener\">https:\/\/www.etiasvisa.com\/es<\/a><\/span><\/p>\t\t\t\t\t\t\t\t<\/div>\n\t\t\t\t<\/div>\n\t\t\t\t\t<\/div>\n\t\t<\/div>\n\t\t\t\t\t<\/div>\n\t\t<\/section>\n\t\t\t\t<section class=\"elementor-section elementor-top-section elementor-element elementor-element-8001da8 elementor-section-boxed elementor-section-height-default elementor-section-height-default\" data-id=\"8001da8\" data-element_type=\"section\" data-e-type=\"section\">\n\t\t\t\t\t\t<div class=\"elementor-container elementor-column-gap-default\">\n\t\t\t\t\t<div class=\"elementor-column elementor-col-100 elementor-top-column elementor-element elementor-element-b5f213d\" data-id=\"b5f213d\" data-element_type=\"column\" data-e-type=\"column\">\n\t\t\t<div class=\"elementor-widget-wrap elementor-element-populated\">\n\t\t\t\t\t\t<div class=\"elementor-element elementor-element-9f56695 elementor-widget elementor-widget-text-editor\" data-id=\"9f56695\" data-element_type=\"widget\" data-e-type=\"widget\" data-widget_type=\"text-editor.default\">\n\t\t\t\t<div class=\"elementor-widget-container\">\n\t\t\t\t\t\t\t\t\t<p><span style=\"font-weight: 400;\">Dr. Sergio Vargas Crimi<\/span><\/p><p><span style=\"font-weight: 400;\">Fundador: Estudio Jur\u00eddico en Lima de Asuntos Migratorios y Tributarios\u00a0 en Lima, Per\u00fa.<\/span><\/p><p><span style=\"font-weight: 400;\">Consultas a NVC ABOGADOS, desde nuestra p\u00e1gina web,\u00a0 <\/span><a href=\"http:\/\/www.nvcabogados.com\"><span style=\"font-weight: 400;\">www.nvcabogados.com<\/span><\/a><span style=\"font-weight: 400;\">\u00a0<\/span><\/p><p><span style=\"font-weight: 400;\">email: info@nvcabogados.com<\/span><\/p>\t\t\t\t\t\t\t\t<\/div>\n\t\t\t\t<\/div>\n\t\t\t\t\t<\/div>\n\t\t<\/div>\n\t\t\t\t\t<\/div>\n\t\t<\/section>\n\t\t\t\t<section class=\"elementor-section elementor-top-section elementor-element elementor-element-5d12eed elementor-section-boxed elementor-section-height-default elementor-section-height-default\" data-id=\"5d12eed\" data-element_type=\"section\" data-e-type=\"section\">\n\t\t\t\t\t\t<div class=\"elementor-container elementor-column-gap-default\">\n\t\t\t\t\t<div class=\"elementor-column elementor-col-100 elementor-top-column elementor-element elementor-element-c966bdf\" data-id=\"c966bdf\" data-element_type=\"column\" data-e-type=\"column\">\n\t\t\t<div class=\"elementor-widget-wrap elementor-element-populated\">\n\t\t\t\t\t\t<div class=\"elementor-element elementor-element-fd06c45 elementor-widget elementor-widget-heading\" data-id=\"fd06c45\" data-element_type=\"widget\" data-e-type=\"widget\" data-widget_type=\"heading.default\">\n\t\t\t\t<div class=\"elementor-widget-container\">\n\t\t\t\t\t<h2 class=\"elementor-heading-title elementor-size-default\">Fuentes  Informativas  Consultadas y citadas :<\/h2>\t\t\t\t<\/div>\n\t\t\t\t<\/div>\n\t\t\t\t<div class=\"elementor-element elementor-element-1d4cf3a elementor-widget elementor-widget-text-editor\" data-id=\"1d4cf3a\" data-element_type=\"widget\" data-e-type=\"widget\" data-widget_type=\"text-editor.default\">\n\t\t\t\t<div class=\"elementor-widget-container\">\n\t\t\t\t\t\t\t\t\t<p><span style=\"font-weight: 400;\">Diario Oficial El Peruano\u00a0 Ley 30.738: <\/span><a href=\"https:\/\/busquedas.elperuano.pe\/normaslegales\/ley-de-reforma-del-articulo-52-de-la-constitucion-politica-ley-n-30738-1625801-1\/\" target=\"_blank\" rel=\"noopener\"><span style=\"font-weight: 400;\">https:\/\/busquedas.elperuano.pe\/normaslegales\/ley-de-reforma-del-articulo-52-de-la-constitucion-politica-ley-n-30738-1625801-1\/<\/span><\/a><\/p><p><span style=\"font-weight: 400;\">INEI -Instituto Nacional de Estad\u00edstica e Inform\u00e1tica: <\/span><a href=\"http:\/\/m.inei.gob.pe\/prensa\/noticias\/mas-de-tres-millones-de-peruanos-salieron-del-pais-y-no-han-retornado-11010\/\" target=\"_blank\" rel=\"noopener\"><span style=\"font-weight: 400;\">http:\/\/m.inei.gob.pe\/prensa\/noticias\/mas-de-tres-millones-de-peruanos-salieron-del-pais-y-no-han-retornado-11010\/<\/span><\/a><\/p><p><span style=\"font-weight: 400;\">Diario El Comercio : <\/span><a href=\"https:\/\/elcomercio.pe\/peru\/tres-millones-peruanos-salieron-pais-han-retornado-noticia-568762-noticia\/?ref=ecr\" target=\"_blank\" rel=\"noopener\"><span style=\"font-weight: 400;\">https:\/\/elcomercio.pe\/peru\/tres-millones-peruanos-salieron-pais-han-retornado-noticia-568762-noticia\/?ref=ecr<\/span><\/a><\/p><p><span style=\"font-weight: 400;\">Consulados Peruanos en el Exterior: <\/span><a href=\"http:\/\/www.consulado.pe\/paginas\/Inicio.aspx\" target=\"_blank\" rel=\"noopener\"><span style=\"font-weight: 400;\">http:\/\/www.consulado.pe\/paginas\/Inicio.aspx<\/span><\/a><\/p><p><span style=\"font-weight: 400;\">Ciudadanos Peruanos pueden visitar 135 pa\u00edses sin visa : <\/span><a href=\"https:\/\/www.henleypassportindex.com\/passport\" target=\"_blank\" rel=\"noopener\"><span style=\"font-weight: 400;\">https:\/\/www.henleypassportindex.com\/passport<\/span><\/a><\/p><p>Sistema de Informaci\u00f3n y Autorizaci\u00f3n de Viajes<span style=\"font-weight: 400;\">\u00a0(<\/span>SEIAV<span style=\"font-weight: 400;\">): <\/span><a href=\"https:\/\/www.etiasvisa.com\/es\" target=\"_blank\" rel=\"noopener\"><span style=\"font-weight: 400;\">https:\/\/www.etiasvisa.com\/es<\/span><\/a><\/p>\t\t\t\t\t\t\t\t<\/div>\n\t\t\t\t<\/div>\n\t\t\t\t\t<\/div>\n\t\t<\/div>\n\t\t\t\t\t<\/div>\n\t\t<\/section>\n\t\t\t\t<section class=\"elementor-section elementor-top-section elementor-element elementor-element-86acc67 elementor-section-full_width elementor-section-stretched elementor-section-height-default elementor-section-height-default\" data-id=\"86acc67\" data-element_type=\"section\" data-e-type=\"section\" data-settings=\"{&quot;background_background&quot;:&quot;classic&quot;,&quot;stretch_section&quot;:&quot;section-stretched&quot;}\">\n\t\t\t\t\t\t\t<div class=\"elementor-background-overlay\"><\/div>\n\t\t\t\t\t\t\t<div class=\"elementor-container elementor-column-gap-default\">\n\t\t\t\t\t<div class=\"elementor-column elementor-col-100 elementor-top-column elementor-element elementor-element-517a8d6\" data-id=\"517a8d6\" data-element_type=\"column\" data-e-type=\"column\">\n\t\t\t<div class=\"elementor-widget-wrap elementor-element-populated\">\n\t\t\t\t\t\t<section class=\"elementor-section elementor-inner-section elementor-element elementor-element-a81da8f elementor-section-boxed elementor-section-height-default elementor-section-height-default\" data-id=\"a81da8f\" data-element_type=\"section\" data-e-type=\"section\">\n\t\t\t\t\t\t<div class=\"elementor-container elementor-column-gap-default\">\n\t\t\t\t\t<div class=\"elementor-column elementor-col-50 elementor-inner-column elementor-element elementor-element-7d58090\" data-id=\"7d58090\" data-element_type=\"column\" data-e-type=\"column\">\n\t\t\t<div class=\"elementor-widget-wrap elementor-element-populated\">\n\t\t\t\t\t\t<div class=\"elementor-element elementor-element-a24c40e elementor-widget elementor-widget-image\" data-id=\"a24c40e\" data-element_type=\"widget\" data-e-type=\"widget\" data-widget_type=\"image.default\">\n\t\t\t\t<div class=\"elementor-widget-container\">\n\t\t\t\t\t\t\t\t\t\t\t\t\t\t\t<img decoding=\"async\" src=\"https:\/\/nvcabogados.com\/wp-content\/uploads\/elementor\/thumbs\/Sergio400x400-r6gs7ovze29j3e8cmtkyipl85uktqhxzst5cmp5a5c.png\" title=\"Sergio400x400\" alt=\"Sergio400x400\" loading=\"lazy\" \/>\t\t\t\t\t\t\t\t\t\t\t\t\t\t\t<\/div>\n\t\t\t\t<\/div>\n\t\t\t\t\t<\/div>\n\t\t<\/div>\n\t\t\t\t<div class=\"elementor-column elementor-col-50 elementor-inner-column elementor-element elementor-element-bed8a4c\" data-id=\"bed8a4c\" data-element_type=\"column\" data-e-type=\"column\">\n\t\t\t<div class=\"elementor-widget-wrap elementor-element-populated\">\n\t\t\t\t\t\t<div class=\"elementor-element elementor-element-ec34e5e elementor-widget elementor-widget-heading\" data-id=\"ec34e5e\" data-element_type=\"widget\" data-e-type=\"widget\" data-widget_type=\"heading.default\">\n\t\t\t\t<div class=\"elementor-widget-container\">\n\t\t\t\t\t<h2 class=\"elementor-heading-title elementor-size-default\">\u00bfTe preguntas si eres elegible para la ciudadan\u00eda peruana?<\/h2>\t\t\t\t<\/div>\n\t\t\t\t<\/div>\n\t\t\t\t<div class=\"elementor-element elementor-element-5034220 elementor-widget elementor-widget-text-editor\" data-id=\"5034220\" data-element_type=\"widget\" data-e-type=\"widget\" data-widget_type=\"text-editor.default\">\n\t\t\t\t<div class=\"elementor-widget-container\">\n\t\t\t\t\t\t\t\t\t<p data-start=\"0\" data-end=\"219\">Las leyes de nacionalidad peruana pueden ser complejas, especialmente si naciste en el extranjero o tienes padres peruanos. El proceso requiere documentaci\u00f3n estricta y criterios legales que pueden variar seg\u00fan el caso.<\/p><p data-start=\"221\" data-end=\"351\"><strong>Agenda una consulta privada con Sergio Vargas para aclarar tu elegibilidad y recibir una gu\u00eda paso a paso adaptada a tu situaci\u00f3n<\/strong>.<\/p><p data-start=\"353\" data-end=\"427\" data-is-last-node=\"\" data-is-only-node=\"\">La sesi\u00f3n se realiza por Zoom y puede llevarse a cabo en ingl\u00e9s o espa\u00f1ol.<\/p>\t\t\t\t\t\t\t\t<\/div>\n\t\t\t\t<\/div>\n\t\t\t\t<div class=\"elementor-element elementor-element-9380a45 elementor-align-center elementor-widget elementor-widget-button\" data-id=\"9380a45\" data-element_type=\"widget\" data-e-type=\"widget\" data-widget_type=\"button.default\">\n\t\t\t\t<div class=\"elementor-widget-container\">\n\t\t\t\t\t\t\t\t\t<div class=\"elementor-button-wrapper\">\n\t\t\t\t\t<a class=\"elementor-button elementor-button-link elementor-size-sm\" href=\"https:\/\/nvcabogados.com\/es\/consulta\" target=\"_blank\">\n\t\t\t\t\t\t<span class=\"elementor-button-content-wrapper\">\n\t\t\t\t\t\t\t\t\t<span class=\"elementor-button-text\">Haz clic aqu\u00ed para agendar tu consulta<\/span>\n\t\t\t\t\t<\/span>\n\t\t\t\t\t<\/a>\n\t\t\t\t<\/div>\n\t\t\t\t\t\t\t\t<\/div>\n\t\t\t\t<\/div>\n\t\t\t\t\t<\/div>\n\t\t<\/div>\n\t\t\t\t\t<\/div>\n\t\t<\/section>\n\t\t\t\t\t<\/div>\n\t\t<\/div>\n\t\t\t\t\t<\/div>\n\t\t<\/section>\n\t\t\t\t<section class=\"elementor-section elementor-top-section elementor-element elementor-element-fa969f9 elementor-section-boxed elementor-section-height-default elementor-section-height-default\" data-id=\"fa969f9\" data-element_type=\"section\" data-e-type=\"section\">\n\t\t\t\t\t\t<div class=\"elementor-container elementor-column-gap-default\">\n\t\t\t\t\t<div class=\"elementor-column elementor-col-100 elementor-top-column elementor-element elementor-element-e3988e7\" data-id=\"e3988e7\" data-element_type=\"column\" data-e-type=\"column\">\n\t\t\t<div class=\"elementor-widget-wrap elementor-element-populated\">\n\t\t\t\t\t\t<div class=\"elementor-element elementor-element-f352f3d elementor-widget elementor-widget-heading\" data-id=\"f352f3d\" data-element_type=\"widget\" data-e-type=\"widget\" data-widget_type=\"heading.default\">\n\t\t\t\t<div class=\"elementor-widget-container\">\n\t\t\t\t\t<h3 class=\"elementor-heading-title elementor-size-default\">Don\u2019t miss out on important updates!<\/h3>\t\t\t\t<\/div>\n\t\t\t\t<\/div>\n\t\t\t\t<div class=\"elementor-element elementor-element-0dd8883 elementor-widget elementor-widget-text-editor\" data-id=\"0dd8883\" data-element_type=\"widget\" data-e-type=\"widget\" data-widget_type=\"text-editor.default\">\n\t\t\t\t<div class=\"elementor-widget-container\">\n\t\t\t\t\t\t\t\t\t<p><strong>Subscribe to our Substack newsletter and get the latest articles <\/strong><strong>on immigration, taxes, and real estate in Peru delivered straight to your inbox. Most of our Substack articles are published only in English.\u00a0<\/strong><\/p>\t\t\t\t\t\t\t\t<\/div>\n\t\t\t\t<\/div>\n\t\t\t\t<div class=\"elementor-element elementor-element-977c6cd elementor-widget elementor-widget-html\" data-id=\"977c6cd\" data-element_type=\"widget\" data-e-type=\"widget\" data-widget_type=\"html.default\">\n\t\t\t\t<div class=\"elementor-widget-container\">\n\t\t\t\t\t<iframe src=\"https:\/\/immigrationperu.substack.com\/embed\" width=\"480\" height=\"320\" style=\"border:1px solid #EEE; background:white;\" frameborder=\"0\" scrolling=\"no\"><\/iframe>\t\t\t\t<\/div>\n\t\t\t\t<\/div>\n\t\t\t\t\t<\/div>\n\t\t<\/div>\n\t\t\t\t\t<\/div>\n\t\t<\/section>\n\t\t\t\t<\/div>\n\t\t","protected":false},"excerpt":{"rendered":"<p>\u00bfNaciste fuera del Per\u00fa pero eres hijo o hija de madre o padre peruano? \u00bfSab\u00edas que esto te da derecho a solicitar la ciudadan\u00eda peruana? Descubre m\u00e1s sobre los requisitos en este art\u00edculo.<\/p>\n","protected":false},"author":4,"featured_media":4359,"comment_status":"closed","ping_status":"closed","sticky":false,"template":"","format":"standard","meta":{"site-sidebar-layout":"default","site-content-layout":"default","ast-site-content-layout":"default","site-content-style":"default","site-sidebar-style":"default","ast-global-header-display":"","ast-banner-title-visibility":"","ast-main-header-display":"","ast-hfb-above-header-display":"","ast-hfb-below-header-display":"","ast-hfb-mobile-header-display":"","site-post-title":"","ast-breadcrumbs-content":"","ast-featured-img":"","footer-sml-layout":"","theme-transparent-header-meta":"default","adv-header-id-meta":"","stick-header-meta":"","header-above-stick-meta":"","header-main-stick-meta":"","header-below-stick-meta":"","astra-migrate-meta-layouts":"set","ast-page-background-enabled":"default","ast-page-background-meta":{"desktop":{"background-color":"","background-image":"","background-repeat":"repeat","background-position":"center center","background-size":"auto","background-attachment":"scroll","background-type":"","background-media":"","overlay-type":"","overlay-color":"","overlay-opacity":"","overlay-gradient":""},"tablet":{"background-color":"","background-image":"","background-repeat":"repeat","background-position":"center center","background-size":"auto","background-attachment":"scroll","background-type":"","background-media":"","overlay-type":"","overlay-color":"","overlay-opacity":"","overlay-gradient":""},"mobile":{"background-color":"","background-image":"","background-repeat":"repeat","background-position":"center center","background-size":"auto","background-attachment":"scroll","background-type":"","background-media":"","overlay-type":"","overlay-color":"","overlay-opacity":"","overlay-gradient":""}},"ast-content-background-meta":{"desktop":{"background-color":"var(--ast-global-color-5)","background-image":"","background-repeat":"repeat","background-position":"center center","background-size":"auto","background-attachment":"scroll","background-type":"","background-media":"","overlay-type":"","overlay-color":"","overlay-opacity":"","overlay-gradient":""},"tablet":{"background-color":"var(--ast-global-color-5)","background-image":"","background-repeat":"repeat","background-position":"center center","background-size":"auto","background-attachment":"scroll","background-type":"","background-media":"","overlay-type":"","overlay-color":"","overlay-opacity":"","overlay-gradient":""},"mobile":{"background-color":"var(--ast-global-color-5)","background-image":"","background-repeat":"repeat","background-position":"center center","background-size":"auto","background-attachment":"scroll","background-type":"","background-media":"","overlay-type":"","overlay-color":"","overlay-opacity":"","overlay-gradient":""}},"footnotes":""},"categories":[75],"tags":[],"class_list":["post-1349","post","type-post","status-publish","format-standard","has-post-thumbnail","hentry","category-ciudadania"],"_links":{"self":[{"href":"https:\/\/nvcabogados.com\/es\/wp-json\/wp\/v2\/posts\/1349","targetHints":{"allow":["GET"]}}],"collection":[{"href":"https:\/\/nvcabogados.com\/es\/wp-json\/wp\/v2\/posts"}],"about":[{"href":"https:\/\/nvcabogados.com\/es\/wp-json\/wp\/v2\/types\/post"}],"author":[{"embeddable":true,"href":"https:\/\/nvcabogados.com\/es\/wp-json\/wp\/v2\/users\/4"}],"replies":[{"embeddable":true,"href":"https:\/\/nvcabogados.com\/es\/wp-json\/wp\/v2\/comments?post=1349"}],"version-history":[{"count":10,"href":"https:\/\/nvcabogados.com\/es\/wp-json\/wp\/v2\/posts\/1349\/revisions"}],"predecessor-version":[{"id":4373,"href":"https:\/\/nvcabogados.com\/es\/wp-json\/wp\/v2\/posts\/1349\/revisions\/4373"}],"wp:featuredmedia":[{"embeddable":true,"href":"https:\/\/nvcabogados.com\/es\/wp-json\/wp\/v2\/media\/4359"}],"wp:attachment":[{"href":"https:\/\/nvcabogados.com\/es\/wp-json\/wp\/v2\/media?parent=1349"}],"wp:term":[{"taxonomy":"category","embeddable":true,"href":"https:\/\/nvcabogados.com\/es\/wp-json\/wp\/v2\/categories?post=1349"},{"taxonomy":"post_tag","embeddable":true,"href":"https:\/\/nvcabogados.com\/es\/wp-json\/wp\/v2\/tags?post=1349"}],"curies":[{"name":"wp","href":"https:\/\/api.w.org\/{rel}","templated":true}]}}