{"id":6306,"date":"2026-06-12T12:34:05","date_gmt":"2026-06-12T17:34:05","guid":{"rendered":"https:\/\/nvcabogados.com\/?p=6306"},"modified":"2026-06-12T12:49:14","modified_gmt":"2026-06-12T17:49:14","slug":"la-ley-del-retorno-al-peru","status":"publish","type":"post","link":"https:\/\/nvcabogados.com\/es\/la-ley-del-retorno-al-peru\/","title":{"rendered":"La Ley del Retorno al Per\u00fa"},"content":{"rendered":"\t\t<div data-elementor-type=\"wp-post\" data-elementor-id=\"6306\" class=\"elementor elementor-6306 elementor-6299\">\n\t\t\t\t\t\t<section class=\"elementor-section elementor-top-section elementor-element elementor-element-a67db77 elementor-section-boxed elementor-section-height-default elementor-section-height-default\" data-id=\"a67db77\" data-element_type=\"section\" data-e-type=\"section\">\n\t\t\t\t\t\t<div class=\"elementor-container elementor-column-gap-default\">\n\t\t\t\t\t<div class=\"elementor-column elementor-col-100 elementor-top-column elementor-element elementor-element-78f640f\" data-id=\"78f640f\" data-element_type=\"column\" data-e-type=\"column\">\n\t\t\t<div class=\"elementor-widget-wrap elementor-element-populated\">\n\t\t\t\t\t\t<div class=\"elementor-element elementor-element-84ed605 elementor-widget elementor-widget-image\" data-id=\"84ed605\" data-element_type=\"widget\" data-e-type=\"widget\" data-widget_type=\"image.default\">\n\t\t\t\t<div class=\"elementor-widget-container\">\n\t\t\t\t\t\t\t\t\t\t\t\t\t\t\t<img fetchpriority=\"high\" decoding=\"async\" width=\"1024\" height=\"538\" src=\"https:\/\/nvcabogados.com\/wp-content\/uploads\/2026\/06\/Ley-Retorno-ES-1024x538.png\" class=\"attachment-large size-large wp-image-6307\" alt=\"\" srcset=\"https:\/\/nvcabogados.com\/wp-content\/uploads\/2026\/06\/Ley-Retorno-ES-1024x538.png 1024w, https:\/\/nvcabogados.com\/wp-content\/uploads\/2026\/06\/Ley-Retorno-ES-300x158.png 300w, https:\/\/nvcabogados.com\/wp-content\/uploads\/2026\/06\/Ley-Retorno-ES-768x403.png 768w, https:\/\/nvcabogados.com\/wp-content\/uploads\/2026\/06\/Ley-Retorno-ES.png 1200w\" sizes=\"(max-width: 1024px) 100vw, 1024px\" \/>\t\t\t\t\t\t\t\t\t\t\t\t\t\t\t<\/div>\n\t\t\t\t<\/div>\n\t\t\t\t\t<\/div>\n\t\t<\/div>\n\t\t\t\t\t<\/div>\n\t\t<\/section>\n\t\t\t\t<section class=\"elementor-section elementor-top-section elementor-element elementor-element-d715d9a elementor-section-boxed elementor-section-height-default elementor-section-height-default\" data-id=\"d715d9a\" data-element_type=\"section\" data-e-type=\"section\">\n\t\t\t\t\t\t<div class=\"elementor-container elementor-column-gap-default\">\n\t\t\t\t\t<div class=\"elementor-column elementor-col-100 elementor-top-column elementor-element elementor-element-7e7dc9c\" data-id=\"7e7dc9c\" data-element_type=\"column\" data-e-type=\"column\">\n\t\t\t<div class=\"elementor-widget-wrap elementor-element-populated\">\n\t\t\t\t\t\t<div class=\"elementor-element elementor-element-3385932 elementor-widget elementor-widget-heading\" data-id=\"3385932\" data-element_type=\"widget\" data-e-type=\"widget\" data-widget_type=\"heading.default\">\n\t\t\t\t<div class=\"elementor-widget-container\">\n\t\t\t\t\t<h1 class=\"elementor-heading-title elementor-size-default\">La ley del retorno al Per\u00fa - Volver a casa despu\u00e9s de muchos a\u00f1os<\/h1>\t\t\t\t<\/div>\n\t\t\t\t<\/div>\n\t\t\t\t<div class=\"elementor-element elementor-element-0b59b66 elementor-widget elementor-widget-heading\" data-id=\"0b59b66\" data-element_type=\"widget\" data-e-type=\"widget\" data-widget_type=\"heading.default\">\n\t\t\t\t<div class=\"elementor-widget-container\">\n\t\t\t\t\t<h2 class=\"elementor-heading-title elementor-size-default\">INTRODUCCI\u00d3N<\/h2>\t\t\t\t<\/div>\n\t\t\t\t<\/div>\n\t\t\t\t<div class=\"elementor-element elementor-element-34e996e elementor-widget elementor-widget-text-editor\" data-id=\"34e996e\" data-element_type=\"widget\" data-e-type=\"widget\" data-widget_type=\"text-editor.default\">\n\t\t\t\t<div class=\"elementor-widget-container\">\n\t\t\t\t\t\t\t\t\t<p class=\"isSelectedEnd\">Hay una realidad que se est\u00e1 repitiendo cada vez con m\u00e1s frecuencia, en particular despu\u00e9s de la pandemia del COVID-19: as\u00ed como muchas personas, en su mayor\u00eda j\u00f3venes y de mediana edad, han emigrado al exterior, tambi\u00e9n muchos peruanos est\u00e1n considerando regresar al pa\u00eds.<\/p><p class=\"isSelectedEnd\">Del total de la poblaci\u00f3n peruana, alrededor del 10.30 % reside fuera del pa\u00eds, seg\u00fan estad\u00edsticas oficiales del INEI sobre las migraciones en el Per\u00fa. Esto equivale a aproximadamente tres millones y medio de peruanos residiendo en el exterior.<\/p><p class=\"isSelectedEnd\">En su gran mayor\u00eda, emigraron en \u00e9pocas de grandes crisis inflacionarias y desempleo, en particular durante las d\u00e9cadas de los 80 y 90 del siglo pasado. Los destinos m\u00e1s buscados han sido, en orden de importancia: Estados Unidos, con 30.40 %; Espa\u00f1a, con 16.1 %; Argentina, con 12.9 %; Chile, con 11.60 %; Italia, con 10.30 %; y, en menor medida, Jap\u00f3n, Canad\u00e1, Alemania y Suiza.<\/p><p class=\"isSelectedEnd\">Muchos partieron siendo j\u00f3venes. Algunos construyeron empresas, otros desarrollaron carreras profesionales y muchos otros tuvieron empleos en relaci\u00f3n de dependencia o trabajaron como independientes.<\/p><p class=\"isSelectedEnd\">Muchos formaron familias mixtas y hoy est\u00e1n casados con ciudadanos extranjeros. Sus hijos nacieron fuera del Per\u00fa. Sus nietos hablan ingl\u00e9s, alem\u00e1n, franc\u00e9s o italiano. Y, sin embargo, despu\u00e9s de d\u00e9cadas en el extranjero, surge una pregunta profundamente humana:<\/p><p class=\"isSelectedEnd\">\u00bfEs momento de volver?<\/p><p class=\"isSelectedEnd\">Para algunos, la respuesta llega con la jubilaci\u00f3n.<\/p><p class=\"isSelectedEnd\">Para otros, cuando los padres envejecen, porque en la cultura latina ese aspecto siempre pesa, en particular cuando se trata de nuestros padres.<\/p><p class=\"isSelectedEnd\">Para otros, cuando descubren que la calidad de vida, el clima, el costo de vida o simplemente los afectos familiares pesan m\u00e1s que los beneficios econ\u00f3micos de permanecer en el exterior.<\/p><p class=\"isSelectedEnd\">Pero regresar no siempre es sencillo, sobre todo despu\u00e9s de d\u00e9cadas viviendo en el exterior. No es lo mismo que venir un mes de vacaciones por las fiestas de Navidad y probar todas las delicias de la gastronom\u00eda peruana hasta que ya no puedes m\u00e1s.<\/p><p class=\"isSelectedEnd\">Cuando el proyecto de \u201cretorno\u201d empieza a tomar forma, luego de a\u00f1os fuera del pa\u00eds, surgen dudas importantes en aspectos financieros y tributarios. Ah\u00ed es donde este art\u00edculo puede ofrecer algunos lineamientos te\u00f3rico-pr\u00e1cticos:<\/p><p class=\"isSelectedEnd\">\u2022 \u00bfPuedo traer mis bienes?<br \/>\u2022 \u00bfPuedo importar mi autom\u00f3vil?<br \/>\u2022 \u00bfPuedo traer mis herramientas de trabajo?<br \/>\u2022 \u00bfQu\u00e9 impuestos tendr\u00e9 que pagar?<br \/>\u2022 \u00bfExisten beneficios para quienes regresan?<br \/>\u2022 \u00bfVale realmente la pena acogerse a la Ley del Retorno?<\/p><p>Precisamente para responder a estas preguntas fue creada la denominada Ley de Reinserci\u00f3n Econ\u00f3mica y Social para el Migrante Retornado, Ley N.\u00ba 30001, posteriormente modificada por la Ley N.\u00ba 31827.<\/p>\t\t\t\t\t\t\t\t<\/div>\n\t\t\t\t<\/div>\n\t\t\t\t<div class=\"elementor-element elementor-element-8d82c72 elementor-widget elementor-widget-heading\" data-id=\"8d82c72\" data-element_type=\"widget\" data-e-type=\"widget\" data-widget_type=\"heading.default\">\n\t\t\t\t<div class=\"elementor-widget-container\">\n\t\t\t\t\t<h2 class=\"elementor-heading-title elementor-size-default\">I. \u00bfQU\u00c9 ES LA LEY DEL RETORNO?<\/h2>\t\t\t\t<\/div>\n\t\t\t\t<\/div>\n\t\t\t\t<div class=\"elementor-element elementor-element-f4dae9a elementor-widget elementor-widget-text-editor\" data-id=\"f4dae9a\" data-element_type=\"widget\" data-e-type=\"widget\" data-widget_type=\"text-editor.default\">\n\t\t\t\t<div class=\"elementor-widget-container\">\n\t\t\t\t\t\t\t\t\t<p class=\"isSelectedEnd\">La Ley del Retorno tiene como finalidad facilitar el regreso de los ciudadanos peruanos que han residido durante largos per\u00edodos fuera del pa\u00eds, mediante incentivos tributarios y medidas de reinserci\u00f3n econ\u00f3mica y social.<\/p><p>No se trata \u00fanicamente de una norma aduanera. Su objetivo es reconocer que muchos peruanos han desarrollado una vida completa fuera del pa\u00eds y que su regreso implica trasladar patrimonio, bienes personales, herramientas de trabajo y proyectos empresariales.<\/p>\t\t\t\t\t\t\t\t<\/div>\n\t\t\t\t<\/div>\n\t\t\t\t<div class=\"elementor-element elementor-element-364bd5f elementor-widget elementor-widget-heading\" data-id=\"364bd5f\" data-element_type=\"widget\" data-e-type=\"widget\" data-widget_type=\"heading.default\">\n\t\t\t\t<div class=\"elementor-widget-container\">\n\t\t\t\t\t<h2 class=\"elementor-heading-title elementor-size-default\">II. \u00bfQUI\u00c9N PUEDE ACOGERSE A LA LEY?<\/h2>\t\t\t\t<\/div>\n\t\t\t\t<\/div>\n\t\t\t\t<div class=\"elementor-element elementor-element-867977f elementor-widget elementor-widget-text-editor\" data-id=\"867977f\" data-element_type=\"widget\" data-e-type=\"widget\" data-widget_type=\"text-editor.default\">\n\t\t\t\t<div class=\"elementor-widget-container\">\n\t\t\t\t\t\t\t\t\t<p class=\"isSelectedEnd\">Actualmente pueden acogerse:<\/p><p class=\"isSelectedEnd\"><strong>Caso 1:<\/strong> Peruanos que hayan residido en el extranjero durante al menos tres (3) a\u00f1os consecutivos.<\/p><p><strong>Caso 2:<\/strong> Peruanos que hayan sido obligados a retornar por razones migratorias y que hayan permanecido fuera del Per\u00fa durante al menos dos (2) a\u00f1os consecutivos.<\/p>\t\t\t\t\t\t\t\t<\/div>\n\t\t\t\t<\/div>\n\t\t\t\t<div class=\"elementor-element elementor-element-be405c0 elementor-widget elementor-widget-heading\" data-id=\"be405c0\" data-element_type=\"widget\" data-e-type=\"widget\" data-widget_type=\"heading.default\">\n\t\t\t\t<div class=\"elementor-widget-container\">\n\t\t\t\t\t<h2 class=\"elementor-heading-title elementor-size-default\">III. \u00bfLAS VISITAS AL PER\u00da HACEN PERDER EL BENEFICIO?<\/h2>\t\t\t\t<\/div>\n\t\t\t\t<\/div>\n\t\t\t\t<div class=\"elementor-element elementor-element-6a7e6ab elementor-widget elementor-widget-text-editor\" data-id=\"6a7e6ab\" data-element_type=\"widget\" data-e-type=\"widget\" data-widget_type=\"text-editor.default\">\n\t\t\t\t<div class=\"elementor-widget-container\">\n\t\t\t\t\t\t\t\t\t<p>No necesariamente. La ley permite realizar visitas temporales al Per\u00fa sin perder la condici\u00f3n de residente en el extranjero, siempre que se respeten los l\u00edmites establecidos por la norma y se pueda demostrar que el centro de vida permaneci\u00f3 fuera del pa\u00eds.<\/p>\t\t\t\t\t\t\t\t<\/div>\n\t\t\t\t<\/div>\n\t\t\t\t<div class=\"elementor-element elementor-element-e1beab8 elementor-widget elementor-widget-heading\" data-id=\"e1beab8\" data-element_type=\"widget\" data-e-type=\"widget\" data-widget_type=\"heading.default\">\n\t\t\t\t<div class=\"elementor-widget-container\">\n\t\t\t\t\t<h2 class=\"elementor-heading-title elementor-size-default\">IV. \u00bfQU\u00c9 DOCUMENTOS NECESITO?<\/h2>\t\t\t\t<\/div>\n\t\t\t\t<\/div>\n\t\t\t\t<div class=\"elementor-element elementor-element-b6d51bf elementor-widget elementor-widget-text-editor\" data-id=\"b6d51bf\" data-element_type=\"widget\" data-e-type=\"widget\" data-widget_type=\"text-editor.default\">\n\t\t\t\t<div class=\"elementor-widget-container\">\n\t\t\t\t\t\t\t\t\t<p class=\"isSelectedEnd\">Dependiendo del pa\u00eds donde hayas residido, normalmente se solicitar\u00e1 lo siguiente:<\/p><h3>Documentaci\u00f3n peruana necesaria<\/h3><ul><li class=\"isSelectedEnd\">DNI peruano<\/li><li class=\"isSelectedEnd\">Pasaporte peruano<\/li><li class=\"isSelectedEnd\">Solicitud de acogimiento al beneficio con el formulario correspondiente.<\/li><\/ul><p class=\"isSelectedEnd\">\u00bfQu\u00e9 pasa si no los tienes? Debes gestionarlos de manera urgente en el consulado, o ante RENIEC y Migraciones si est\u00e1s en Per\u00fa, porque los vas a necesitar para ingresar al pa\u00eds como peruano y no como turista. Tambi\u00e9n ser\u00e1n necesarios para gestionar la residencia o la doble ciudadan\u00eda de tu grupo familiar.<\/p><h3>Documentaci\u00f3n migratoria extranjera<\/h3><ul><li>Tarjeta de residencia<\/li><li>Permiso de trabajo<\/li><li>Certificado de residencia<\/li><li>Certificado consular<\/li><\/ul><h3>Pruebas de permanencia<\/h3><ul><li class=\"isSelectedEnd\">Contratos laborales<\/li><li class=\"isSelectedEnd\">Declaraciones tributarias<\/li><li class=\"isSelectedEnd\">Certificados de seguridad social<\/li><li class=\"isSelectedEnd\">Facturas de servicios<\/li><li class=\"isSelectedEnd\">Contratos de alquiler o propiedad<\/li><\/ul><h3>Certificado de movimientos migratorios<\/h3><p>Cuando el tr\u00e1mite se realiza desde Per\u00fa, suele requerirse acreditar los movimientos migratorios.<\/p>\t\t\t\t\t\t\t\t<\/div>\n\t\t\t\t<\/div>\n\t\t\t\t<div class=\"elementor-element elementor-element-1c76cf3 elementor-widget elementor-widget-heading\" data-id=\"1c76cf3\" data-element_type=\"widget\" data-e-type=\"widget\" data-widget_type=\"heading.default\">\n\t\t\t\t<div class=\"elementor-widget-container\">\n\t\t\t\t\t<h2 class=\"elementor-heading-title elementor-size-default\">V. PLAZOS PARA ACOGERSE AL BENEFICIO<\/h2>\t\t\t\t<\/div>\n\t\t\t\t<\/div>\n\t\t\t\t<div class=\"elementor-element elementor-element-ed3b5a3 elementor-widget elementor-widget-text-editor\" data-id=\"ed3b5a3\" data-element_type=\"widget\" data-e-type=\"widget\" data-widget_type=\"text-editor.default\">\n\t\t\t\t<div class=\"elementor-widget-container\">\n\t\t\t\t\t\t\t\t\t<p class=\"isSelectedEnd\">Uno de los cambios m\u00e1s importantes introducidos por la Ley N.\u00ba 31827 fue la ampliaci\u00f3n del plazo para acogerse a los beneficios.<\/p><p class=\"isSelectedEnd\">Actualmente, el interesado puede manifestar su voluntad de acogerse hasta 180 d\u00edas antes o despu\u00e9s de ingresar al Per\u00fa.<\/p><p>El texto original de la ley solo preve\u00eda un plazo de 90 d\u00edas.<\/p>\t\t\t\t\t\t\t\t<\/div>\n\t\t\t\t<\/div>\n\t\t\t\t<div class=\"elementor-element elementor-element-4acedd0 elementor-widget elementor-widget-heading\" data-id=\"4acedd0\" data-element_type=\"widget\" data-e-type=\"widget\" data-widget_type=\"heading.default\">\n\t\t\t\t<div class=\"elementor-widget-container\">\n\t\t\t\t\t<h2 class=\"elementor-heading-title elementor-size-default\">VI. BENEFICIOS TRIBUTARIOS<\/h2>\t\t\t\t<\/div>\n\t\t\t\t<\/div>\n\t\t\t\t<div class=\"elementor-element elementor-element-76cfc4f elementor-widget elementor-widget-text-editor\" data-id=\"76cfc4f\" data-element_type=\"widget\" data-e-type=\"widget\" data-widget_type=\"text-editor.default\">\n\t\t\t\t<div class=\"elementor-widget-container\">\n\t\t\t\t\t\t\t\t\t<p class=\"isSelectedEnd\">Aqu\u00ed encontramos uno de los aspectos m\u00e1s atractivos de la ley.<\/p><p>La norma establece una exoneraci\u00f3n tributaria por \u00fanica vez respecto de determinados bienes que ingresen al pa\u00eds.<\/p>\t\t\t\t\t\t\t\t<\/div>\n\t\t\t\t<\/div>\n\t\t\t\t<div class=\"elementor-element elementor-element-aaf93e2 elementor-widget elementor-widget-heading\" data-id=\"aaf93e2\" data-element_type=\"widget\" data-e-type=\"widget\" data-widget_type=\"heading.default\">\n\t\t\t\t<div class=\"elementor-widget-container\">\n\t\t\t\t\t<h2 class=\"elementor-heading-title elementor-size-default\">VII. MENAJE DE CASA<\/h2>\t\t\t\t<\/div>\n\t\t\t\t<\/div>\n\t\t\t\t<div class=\"elementor-element elementor-element-f364dc6 elementor-widget elementor-widget-text-editor\" data-id=\"f364dc6\" data-element_type=\"widget\" data-e-type=\"widget\" data-widget_type=\"text-editor.default\">\n\t\t\t\t<div class=\"elementor-widget-container\">\n\t\t\t\t\t\t\t\t\t<p class=\"isSelectedEnd\">Puede importarse libre de tributos hasta por un valor de USD 50,000, seg\u00fan la legislaci\u00f3n actualmente vigente.<\/p><p class=\"isSelectedEnd\">\u00bfQu\u00e9 puede incluir el menaje de casa?<\/p><p class=\"isSelectedEnd\">Muebles, camas, sof\u00e1s, electrodom\u00e9sticos, vajilla, libros, ropa u objetos personales y equipos dom\u00e9sticos.<\/p><p>Es decir, los bienes normales que forman parte de una vivienda familiar.<\/p>\t\t\t\t\t\t\t\t<\/div>\n\t\t\t\t<\/div>\n\t\t\t\t<div class=\"elementor-element elementor-element-3ea5357 elementor-widget elementor-widget-heading\" data-id=\"3ea5357\" data-element_type=\"widget\" data-e-type=\"widget\" data-widget_type=\"heading.default\">\n\t\t\t\t<div class=\"elementor-widget-container\">\n\t\t\t\t\t<h2 class=\"elementor-heading-title elementor-size-default\">VIII. IMPORTACI\u00d3N DE VEH\u00cdCULO<\/h2>\t\t\t\t<\/div>\n\t\t\t\t<\/div>\n\t\t\t\t<div class=\"elementor-element elementor-element-84b89ed elementor-widget elementor-widget-text-editor\" data-id=\"84b89ed\" data-element_type=\"widget\" data-e-type=\"widget\" data-widget_type=\"text-editor.default\">\n\t\t\t\t<div class=\"elementor-widget-container\">\n\t\t\t\t\t\t\t\t\t<p class=\"isSelectedEnd\">Uno de los beneficios m\u00e1s conocidos es la posibilidad de importar un veh\u00edculo automotor con exoneraci\u00f3n tributaria hasta un valor referencial de USD 50,000, seg\u00fan los valores de referencia establecidos por SUNAT.<\/p><p class=\"isSelectedEnd\">\u00bfPuedo traer mi autom\u00f3vil europeo o norteamericano?<\/p><p class=\"isSelectedEnd\">S\u00ed, potencialmente. Pero aqu\u00ed aparece un punto muy importante.<\/p><p class=\"isSelectedEnd\">La Ley del Retorno no elimina las restricciones aduaneras generales aplicables a la importaci\u00f3n de veh\u00edculos.<\/p><p class=\"isSelectedEnd\">Por ello, deben analizarse aspectos como:<\/p><ul><li class=\"isSelectedEnd\">Antig\u00fcedad<\/li><li class=\"isSelectedEnd\">Condiciones t\u00e9cnicas<\/li><li class=\"isSelectedEnd\">Homologaci\u00f3n<\/li><li class=\"isSelectedEnd\">Emisiones de gases<\/li><li class=\"isSelectedEnd\">Cualquier otro tipo de restricci\u00f3n aduanera vigente.<\/li><\/ul><p class=\"isSelectedEnd\">\u00bfPuedo traer una motocicleta?<\/p><p>Generalmente s\u00ed, siempre que cumpla con las normas aduaneras y t\u00e9cnicas vigentes al momento de la importaci\u00f3n.<\/p>\t\t\t\t\t\t\t\t<\/div>\n\t\t\t\t<\/div>\n\t\t\t\t<div class=\"elementor-element elementor-element-c8a6efe elementor-widget elementor-widget-heading\" data-id=\"c8a6efe\" data-element_type=\"widget\" data-e-type=\"widget\" data-widget_type=\"heading.default\">\n\t\t\t\t<div class=\"elementor-widget-container\">\n\t\t\t\t\t<h2 class=\"elementor-heading-title elementor-size-default\">IX. EQUIPOS DE TRABAJO Y ACTIVIDAD EMPRESARIAL<\/h2>\t\t\t\t<\/div>\n\t\t\t\t<\/div>\n\t\t\t\t<div class=\"elementor-element elementor-element-e1d7ba3 elementor-widget elementor-widget-text-editor\" data-id=\"e1d7ba3\" data-element_type=\"widget\" data-e-type=\"widget\" data-widget_type=\"text-editor.default\">\n\t\t\t\t<div class=\"elementor-widget-container\">\n\t\t\t\t\t\t\t\t\t<p class=\"isSelectedEnd\">Aqu\u00ed encontramos probablemente el beneficio m\u00e1s poderoso para profesionales, empresarios y trabajadores independientes.<\/p><p class=\"isSelectedEnd\">La ley permite ingresar:<\/p><ul><li class=\"isSelectedEnd\">Maquinaria<\/li><li class=\"isSelectedEnd\">Equipos<\/li><li class=\"isSelectedEnd\">Herramientas<\/li><li class=\"isSelectedEnd\">Instrumentos profesionales.<\/li><\/ul><p>Hasta por un valor de USD 350,000.00, siempre que est\u00e9n vinculados al trabajo, profesi\u00f3n o actividad empresarial que se desarrollar\u00e1 en Per\u00fa.<\/p>\t\t\t\t\t\t\t\t<\/div>\n\t\t\t\t<\/div>\n\t\t\t\t<div class=\"elementor-element elementor-element-5b66af7 elementor-widget elementor-widget-heading\" data-id=\"5b66af7\" data-element_type=\"widget\" data-e-type=\"widget\" data-widget_type=\"heading.default\">\n\t\t\t\t<div class=\"elementor-widget-container\">\n\t\t\t\t\t<h2 class=\"elementor-heading-title elementor-size-default\">X. FAMILIAS MIXTAS<\/h2>\t\t\t\t<\/div>\n\t\t\t\t<\/div>\n\t\t\t\t<div class=\"elementor-element elementor-element-952d2ca elementor-widget elementor-widget-text-editor\" data-id=\"952d2ca\" data-element_type=\"widget\" data-e-type=\"widget\" data-widget_type=\"text-editor.default\">\n\t\t\t\t<div class=\"elementor-widget-container\">\n\t\t\t\t\t\t\t\t\t<p class=\"isSelectedEnd\">Una situaci\u00f3n cada vez m\u00e1s frecuente es la de familias formadas por:<\/p><ul><li class=\"isSelectedEnd\">Peruano + ciudadano estadounidense<\/li><li class=\"isSelectedEnd\">Peruano + ciudadano espa\u00f1ol<\/li><li class=\"isSelectedEnd\">Peruano + ciudadano argentino<\/li><li class=\"isSelectedEnd\">Peruano + ciudadano chileno.<\/li><\/ul><p>La ley beneficia directamente al ciudadano peruano retornante. Sin embargo, en la pr\u00e1ctica facilita enormemente la mudanza familiar, porque permite trasladar el patrimonio dom\u00e9stico acumulado durante a\u00f1os en el extranjero.<\/p>\t\t\t\t\t\t\t\t<\/div>\n\t\t\t\t<\/div>\n\t\t\t\t<div class=\"elementor-element elementor-element-5ad5566 elementor-widget elementor-widget-heading\" data-id=\"5ad5566\" data-element_type=\"widget\" data-e-type=\"widget\" data-widget_type=\"heading.default\">\n\t\t\t\t<div class=\"elementor-widget-container\">\n\t\t\t\t\t<h2 class=\"elementor-heading-title elementor-size-default\">XI. \u00bfEXISTE UN BENEFICIO EN EL IMPUESTO A LA RENTA?<\/h2>\t\t\t\t<\/div>\n\t\t\t\t<\/div>\n\t\t\t\t<div class=\"elementor-element elementor-element-259f7d6 elementor-widget elementor-widget-text-editor\" data-id=\"259f7d6\" data-element_type=\"widget\" data-e-type=\"widget\" data-widget_type=\"text-editor.default\">\n\t\t\t\t<div class=\"elementor-widget-container\">\n\t\t\t\t\t\t\t\t\t<p class=\"isSelectedEnd\">Aqu\u00ed encontramos una de las mayores confusiones.<\/p><p class=\"isSelectedEnd\">La respuesta es: no directamente.<\/p><p class=\"isSelectedEnd\">La Ley del Retorno no crea una exoneraci\u00f3n general del Impuesto a la Renta.<\/p><p class=\"isSelectedEnd\">Los beneficios son principalmente:<\/p><ul><li>Aduaneros<\/li><li>Patrimoniales<\/li><li>De reinserci\u00f3n econ\u00f3mica.<\/li><\/ul>\t\t\t\t\t\t\t\t<\/div>\n\t\t\t\t<\/div>\n\t\t\t\t<div class=\"elementor-element elementor-element-1db2a57 elementor-widget elementor-widget-heading\" data-id=\"1db2a57\" data-element_type=\"widget\" data-e-type=\"widget\" data-widget_type=\"heading.default\">\n\t\t\t\t<div class=\"elementor-widget-container\">\n\t\t\t\t\t<h2 class=\"elementor-heading-title elementor-size-default\">XII. \u00bfQU\u00c9 OCURRE SI SOY JUBILADO?<\/h2>\t\t\t\t<\/div>\n\t\t\t\t<\/div>\n\t\t\t\t<div class=\"elementor-element elementor-element-a391123 elementor-widget elementor-widget-text-editor\" data-id=\"a391123\" data-element_type=\"widget\" data-e-type=\"widget\" data-widget_type=\"text-editor.default\">\n\t\t\t\t<div class=\"elementor-widget-container\">\n\t\t\t\t\t\t\t\t\t<p class=\"isSelectedEnd\">Muchos peruanos retornan despu\u00e9s de jubilarse.<\/p><p class=\"isSelectedEnd\">Por ejemplo:<\/p><ul><li class=\"isSelectedEnd\">Con una pensi\u00f3n estadounidense<\/li><li class=\"isSelectedEnd\">Con una pensi\u00f3n canadiense<\/li><li class=\"isSelectedEnd\">Con una pensi\u00f3n australiana<\/li><li class=\"isSelectedEnd\">Con una pensi\u00f3n suiza.<\/li><\/ul><p class=\"isSelectedEnd\">La Ley del Retorno no modifica por s\u00ed sola el tratamiento tributario de esas rentas. Por ello, resulta indispensable analizar:<\/p><ul><li>La residencia fiscal<\/li><li>La existencia de convenios para evitar la doble imposici\u00f3n<\/li><li>El origen de la pensi\u00f3n<\/li><li>La legislaci\u00f3n del pa\u00eds pagador.<\/li><\/ul>\t\t\t\t\t\t\t\t<\/div>\n\t\t\t\t<\/div>\n\t\t\t\t<div class=\"elementor-element elementor-element-fb24e08 elementor-widget elementor-widget-heading\" data-id=\"fb24e08\" data-element_type=\"widget\" data-e-type=\"widget\" data-widget_type=\"heading.default\">\n\t\t\t\t<div class=\"elementor-widget-container\">\n\t\t\t\t\t<h2 class=\"elementor-heading-title elementor-size-default\">XIII. \u00bfREALMENTE VALE LA PENA ACOGERSE A LA LEY?<\/h2>\t\t\t\t<\/div>\n\t\t\t\t<\/div>\n\t\t\t\t<div class=\"elementor-element elementor-element-6307d5d elementor-widget elementor-widget-text-editor\" data-id=\"6307d5d\" data-element_type=\"widget\" data-e-type=\"widget\" data-widget_type=\"text-editor.default\">\n\t\t\t\t<div class=\"elementor-widget-container\">\n\t\t\t\t\t\t\t\t\t<p class=\"isSelectedEnd\">Desde mi experiencia profesional, la respuesta suele ser: s\u00ed.<\/p><p class=\"isSelectedEnd\">Especialmente cuando existen:<\/p><ul><li class=\"isSelectedEnd\">Bienes personales importantes<\/li><li class=\"isSelectedEnd\">Mobiliario de calidad<\/li><li class=\"isSelectedEnd\">Herramientas profesionales<\/li><li class=\"isSelectedEnd\">Equipos empresariales<\/li><li class=\"isSelectedEnd\">Veh\u00edculos de valor significativo o con un alto valor emocional.<\/li><\/ul><p>La exoneraci\u00f3n tributaria puede representar un ahorro muy importante frente a una importaci\u00f3n ordinaria.<\/p>\t\t\t\t\t\t\t\t<\/div>\n\t\t\t\t<\/div>\n\t\t\t\t<div class=\"elementor-element elementor-element-947ff7e elementor-widget elementor-widget-heading\" data-id=\"947ff7e\" data-element_type=\"widget\" data-e-type=\"widget\" data-widget_type=\"heading.default\">\n\t\t\t\t<div class=\"elementor-widget-container\">\n\t\t\t\t\t<h2 class=\"elementor-heading-title elementor-size-default\">XIV. \u00bfCU\u00c1NDO NO VALE LA PENA?<\/h2>\t\t\t\t<\/div>\n\t\t\t\t<\/div>\n\t\t\t\t<div class=\"elementor-element elementor-element-f7e4c91 elementor-widget elementor-widget-text-editor\" data-id=\"f7e4c91\" data-element_type=\"widget\" data-e-type=\"widget\" data-widget_type=\"text-editor.default\">\n\t\t\t\t<div class=\"elementor-widget-container\">\n\t\t\t\t\t\t\t\t\t<p class=\"isSelectedEnd\">Puede no resultar especialmente \u00fatil cuando la persona no trasladar\u00e1 bienes, no posee veh\u00edculo, no tiene equipos profesionales o piensa mudarse \u00fanicamente con equipaje personal.<\/p><p>En esos casos, el beneficio econ\u00f3mico puede ser limitado.<\/p>\t\t\t\t\t\t\t\t<\/div>\n\t\t\t\t<\/div>\n\t\t\t\t<div class=\"elementor-element elementor-element-b7e1da9 elementor-widget elementor-widget-heading\" data-id=\"b7e1da9\" data-element_type=\"widget\" data-e-type=\"widget\" data-widget_type=\"heading.default\">\n\t\t\t\t<div class=\"elementor-widget-container\">\n\t\t\t\t\t<h2 class=\"elementor-heading-title elementor-size-default\">XV. REFLEXI\u00d3N FINAL<\/h2>\t\t\t\t<\/div>\n\t\t\t\t<\/div>\n\t\t\t\t<div class=\"elementor-element elementor-element-fb0e86b elementor-widget elementor-widget-text-editor\" data-id=\"fb0e86b\" data-element_type=\"widget\" data-e-type=\"widget\" data-widget_type=\"text-editor.default\">\n\t\t\t\t<div class=\"elementor-widget-container\">\n\t\t\t\t\t\t\t\t\t<p class=\"isSelectedEnd\">La Ley del Retorno es mucho m\u00e1s que una norma tributaria.<\/p><p class=\"isSelectedEnd\">Representa un reconocimiento del Estado peruano hacia millones de compatriotas que construyeron una vida fuera del pa\u00eds y que, despu\u00e9s de muchos a\u00f1os, consideran regresar.<\/p><p class=\"isSelectedEnd\">Porque volver nunca es simplemente cambiar de domicilio.<\/p><p class=\"isSelectedEnd\">Es reencontrarse con la propia historia. Es regresar a los lugares donde crecimos. Es volver a escuchar los sonidos familiares de nuestra infancia.<\/p><p class=\"isSelectedEnd\">Y tambi\u00e9n es aceptar que nosotros hemos cambiado y que el Per\u00fa tambi\u00e9n ha cambiado.<\/p><p class=\"isSelectedEnd\">Desde un punto de vista estrictamente econ\u00f3mico, los beneficios tributarios pueden ser significativos.<\/p><p class=\"isSelectedEnd\">Desde un punto de vista humano, el verdadero valor de la Ley del Retorno es facilitar que ese regreso ocurra con menos obst\u00e1culos, menos costos y mayor seguridad jur\u00eddica para quienes desean volver a llamar al Per\u00fa su hogar.<\/p><p class=\"isSelectedEnd\"><strong>Base legal principal:<\/strong> Ley N.\u00ba 30001, Ley de Reinserci\u00f3n Econ\u00f3mica y Social para el Migrante Retornado, modificada por la Ley N.\u00ba 31827.<\/p><p class=\"isSelectedEnd\"><strong>Informaci\u00f3n oficial de SUNAT sobre el retorno al Per\u00fa:<\/strong><br \/><a href=\"https:\/\/bienvenidoalperu.sunat.gob.pe\/es.retorno-al-peru.html\" target=\"_blank\" rel=\"noopener\">https:\/\/bienvenidoalperu.sunat.gob.pe\/es.retorno-al-peru.html<\/a><\/p><p class=\"isSelectedEnd\">Si a\u00fan no tienes cuentas en el sistema financiero peruano y deseas traer bienes personales o dinero en efectivo, es importante revisar cu\u00e1les son los l\u00edmites aplicables y qu\u00e9 bienes puedes ingresar al pa\u00eds.<\/p><p><strong>Informaci\u00f3n de SUNAT sobre declaraci\u00f3n de bienes:<\/strong><br \/><a href=\"https:\/\/ww1.sunat.gob.pe\/app\/controladuaneroms\/ingresosalida\/sicpa\/bienvenidoalperu\/declaracion\/bienes\" target=\"_blank\" rel=\"noopener\">https:\/\/ww1.sunat.gob.pe\/app\/controladuaneroms\/ingresosalida\/sicpa\/bienvenidoalperu\/declaracion\/bienes<\/a><\/p>\t\t\t\t\t\t\t\t<\/div>\n\t\t\t\t<\/div>\n\t\t\t\t\t<\/div>\n\t\t<\/div>\n\t\t\t\t\t<\/div>\n\t\t<\/section>\n\t\t\t\t<section class=\"elementor-section elementor-top-section elementor-element elementor-element-b06d204 elementor-section-stretched elementor-section-boxed elementor-section-height-default elementor-section-height-default\" data-id=\"b06d204\" data-element_type=\"section\" data-e-type=\"section\" data-settings=\"{&quot;stretch_section&quot;:&quot;section-stretched&quot;}\">\n\t\t\t\t\t\t\t<div class=\"elementor-background-overlay\"><\/div>\n\t\t\t\t\t\t\t<div class=\"elementor-container elementor-column-gap-extended\">\n\t\t\t\t\t<div class=\"elementor-column elementor-col-100 elementor-top-column elementor-element elementor-element-63d2374\" data-id=\"63d2374\" data-element_type=\"column\" data-e-type=\"column\">\n\t\t\t<div class=\"elementor-widget-wrap elementor-element-populated\">\n\t\t\t\t\t\t<div class=\"elementor-element elementor-element-23245b2 elementor-widget elementor-widget-heading\" data-id=\"23245b2\" data-element_type=\"widget\" data-e-type=\"widget\" data-widget_type=\"heading.default\">\n\t\t\t\t<div class=\"elementor-widget-container\">\n\t\t\t\t\t<h2 class=\"elementor-heading-title elementor-size-default\">Preguntas frecuentes sobre la ley del retorno al Per\u00fa<\/h2>\t\t\t\t<\/div>\n\t\t\t\t<\/div>\n\t\t\t\t<div class=\"elementor-element elementor-element-6516eb2 elementor-widget elementor-widget-accordion\" data-id=\"6516eb2\" data-element_type=\"widget\" data-e-type=\"widget\" data-widget_type=\"accordion.default\">\n\t\t\t\t<div class=\"elementor-widget-container\">\n\t\t\t\t\t\t\t<div class=\"elementor-accordion\">\n\t\t\t\t\t\t\t<div class=\"elementor-accordion-item\">\n\t\t\t\t\t<div id=\"elementor-tab-title-1061\" class=\"elementor-tab-title\" data-tab=\"1\" role=\"button\" aria-controls=\"elementor-tab-content-1061\" aria-expanded=\"false\">\n\t\t\t\t\t\t\t\t\t\t\t\t\t<span class=\"elementor-accordion-icon elementor-accordion-icon-left\" aria-hidden=\"true\">\n\t\t\t\t\t\t\t\t\t\t\t\t\t\t\t<span class=\"elementor-accordion-icon-closed\"><i class=\"fas fa-plus\"><\/i><\/span>\n\t\t\t\t\t\t\t\t<span class=\"elementor-accordion-icon-opened\"><i class=\"fas fa-minus\"><\/i><\/span>\n\t\t\t\t\t\t\t\t\t\t\t\t\t\t<\/span>\n\t\t\t\t\t\t\t\t\t\t\t\t<a class=\"elementor-accordion-title\" tabindex=\"0\">\u00bfQu\u00e9 debo revisar antes de regresar al Per\u00fa despu\u00e9s de muchos a\u00f1os en el extranjero?<\/a>\n\t\t\t\t\t<\/div>\n\t\t\t\t\t<div id=\"elementor-tab-content-1061\" class=\"elementor-tab-content elementor-clearfix\" data-tab=\"1\" role=\"region\" aria-labelledby=\"elementor-tab-title-1061\"><p>Antes de regresar al Per\u00fa, es importante revisar no solo tus documentos de viaje, sino tambi\u00e9n aspectos pr\u00e1cticos como la residencia fiscal, pensiones extranjeras, cobertura de salud, cuentas bancarias, residencia de tu familia y traslado de bienes personales. La Ley del Retorno puede ayudarte con beneficios aduaneros y tributarios para determinados bienes, pero el plan completo de retorno debe evaluarse cuidadosamente antes de mudarte.<\/p><\/div>\n\t\t\t\t<\/div>\n\t\t\t\t\t\t\t<div class=\"elementor-accordion-item\">\n\t\t\t\t\t<div id=\"elementor-tab-title-1062\" class=\"elementor-tab-title\" data-tab=\"2\" role=\"button\" aria-controls=\"elementor-tab-content-1062\" aria-expanded=\"false\">\n\t\t\t\t\t\t\t\t\t\t\t\t\t<span class=\"elementor-accordion-icon elementor-accordion-icon-left\" aria-hidden=\"true\">\n\t\t\t\t\t\t\t\t\t\t\t\t\t\t\t<span class=\"elementor-accordion-icon-closed\"><i class=\"fas fa-plus\"><\/i><\/span>\n\t\t\t\t\t\t\t\t<span class=\"elementor-accordion-icon-opened\"><i class=\"fas fa-minus\"><\/i><\/span>\n\t\t\t\t\t\t\t\t\t\t\t\t\t\t<\/span>\n\t\t\t\t\t\t\t\t\t\t\t\t<a class=\"elementor-accordion-title\" tabindex=\"0\">\u00bfQui\u00e9n puede acogerse a la Ley del Retorno al Per\u00fa?<\/a>\n\t\t\t\t\t<\/div>\n\t\t\t\t\t<div id=\"elementor-tab-content-1062\" class=\"elementor-tab-content elementor-clearfix\" data-tab=\"2\" role=\"region\" aria-labelledby=\"elementor-tab-title-1062\"><p>Pueden acogerse los peruanos que hayan vivido en el extranjero durante al menos tres a\u00f1os consecutivos. Tambi\u00e9n pueden acogerse los peruanos que hayan sido obligados a retornar por razones migratorias, siempre que hayan permanecido fuera del Per\u00fa durante al menos dos a\u00f1os consecutivos.<\/p><\/div>\n\t\t\t\t<\/div>\n\t\t\t\t\t\t\t<div class=\"elementor-accordion-item\">\n\t\t\t\t\t<div id=\"elementor-tab-title-1063\" class=\"elementor-tab-title\" data-tab=\"3\" role=\"button\" aria-controls=\"elementor-tab-content-1063\" aria-expanded=\"false\">\n\t\t\t\t\t\t\t\t\t\t\t\t\t<span class=\"elementor-accordion-icon elementor-accordion-icon-left\" aria-hidden=\"true\">\n\t\t\t\t\t\t\t\t\t\t\t\t\t\t\t<span class=\"elementor-accordion-icon-closed\"><i class=\"fas fa-plus\"><\/i><\/span>\n\t\t\t\t\t\t\t\t<span class=\"elementor-accordion-icon-opened\"><i class=\"fas fa-minus\"><\/i><\/span>\n\t\t\t\t\t\t\t\t\t\t\t\t\t\t<\/span>\n\t\t\t\t\t\t\t\t\t\t\t\t<a class=\"elementor-accordion-title\" tabindex=\"0\">\u00bfPuedo visitar el Per\u00fa antes de regresar definitivamente?<\/a>\n\t\t\t\t\t<\/div>\n\t\t\t\t\t<div id=\"elementor-tab-content-1063\" class=\"elementor-tab-content elementor-clearfix\" data-tab=\"3\" role=\"region\" aria-labelledby=\"elementor-tab-title-1063\"><p>S\u00ed. Las visitas temporales al Per\u00fa no necesariamente hacen perder el beneficio, siempre que se respeten los l\u00edmites establecidos por la ley y se pueda demostrar que el centro de vida permaneci\u00f3 fuera del pa\u00eds.<\/p><\/div>\n\t\t\t\t<\/div>\n\t\t\t\t\t\t\t<div class=\"elementor-accordion-item\">\n\t\t\t\t\t<div id=\"elementor-tab-title-1064\" class=\"elementor-tab-title\" data-tab=\"4\" role=\"button\" aria-controls=\"elementor-tab-content-1064\" aria-expanded=\"false\">\n\t\t\t\t\t\t\t\t\t\t\t\t\t<span class=\"elementor-accordion-icon elementor-accordion-icon-left\" aria-hidden=\"true\">\n\t\t\t\t\t\t\t\t\t\t\t\t\t\t\t<span class=\"elementor-accordion-icon-closed\"><i class=\"fas fa-plus\"><\/i><\/span>\n\t\t\t\t\t\t\t\t<span class=\"elementor-accordion-icon-opened\"><i class=\"fas fa-minus\"><\/i><\/span>\n\t\t\t\t\t\t\t\t\t\t\t\t\t\t<\/span>\n\t\t\t\t\t\t\t\t\t\t\t\t<a class=\"elementor-accordion-title\" tabindex=\"0\">\u00bfPuedo traer mi menaje de casa al Per\u00fa sin pagar impuestos?<\/a>\n\t\t\t\t\t<\/div>\n\t\t\t\t\t<div id=\"elementor-tab-content-1064\" class=\"elementor-tab-content elementor-clearfix\" data-tab=\"4\" role=\"region\" aria-labelledby=\"elementor-tab-title-1064\"><p data-start=\"1201\" data-end=\"1460\">S\u00ed. Seg\u00fan la Ley del Retorno, el menaje de casa puede importarse libre de tributos hasta por un valor de USD 50,000. Esto puede incluir muebles, camas, sof\u00e1s, electrodom\u00e9sticos, vajilla, libros, ropa, objetos personales y otros equipos dom\u00e9sticos.<\/p><\/div>\n\t\t\t\t<\/div>\n\t\t\t\t\t\t\t<div class=\"elementor-accordion-item\">\n\t\t\t\t\t<div id=\"elementor-tab-title-1065\" class=\"elementor-tab-title\" data-tab=\"5\" role=\"button\" aria-controls=\"elementor-tab-content-1065\" aria-expanded=\"false\">\n\t\t\t\t\t\t\t\t\t\t\t\t\t<span class=\"elementor-accordion-icon elementor-accordion-icon-left\" aria-hidden=\"true\">\n\t\t\t\t\t\t\t\t\t\t\t\t\t\t\t<span class=\"elementor-accordion-icon-closed\"><i class=\"fas fa-plus\"><\/i><\/span>\n\t\t\t\t\t\t\t\t<span class=\"elementor-accordion-icon-opened\"><i class=\"fas fa-minus\"><\/i><\/span>\n\t\t\t\t\t\t\t\t\t\t\t\t\t\t<\/span>\n\t\t\t\t\t\t\t\t\t\t\t\t<a class=\"elementor-accordion-title\" tabindex=\"0\">\u00bfPuedo importar mi auto cuando regreso al Per\u00fa?<\/a>\n\t\t\t\t\t<\/div>\n\t\t\t\t\t<div id=\"elementor-tab-content-1065\" class=\"elementor-tab-content elementor-clearfix\" data-tab=\"5\" role=\"region\" aria-labelledby=\"elementor-tab-title-1065\"><p>Potencialmente, s\u00ed. La ley permite importar un veh\u00edculo automotor con exoneraci\u00f3n tributaria hasta un valor referencial de USD 50,000. Sin embargo, el veh\u00edculo debe cumplir con las normas aduaneras y t\u00e9cnicas generales del Per\u00fa, incluidas las restricciones relacionadas con antig\u00fcedad, emisiones, homologaci\u00f3n y otros requisitos de importaci\u00f3n.<\/p><\/div>\n\t\t\t\t<\/div>\n\t\t\t\t\t\t\t<div class=\"elementor-accordion-item\">\n\t\t\t\t\t<div id=\"elementor-tab-title-1066\" class=\"elementor-tab-title\" data-tab=\"6\" role=\"button\" aria-controls=\"elementor-tab-content-1066\" aria-expanded=\"false\">\n\t\t\t\t\t\t\t\t\t\t\t\t\t<span class=\"elementor-accordion-icon elementor-accordion-icon-left\" aria-hidden=\"true\">\n\t\t\t\t\t\t\t\t\t\t\t\t\t\t\t<span class=\"elementor-accordion-icon-closed\"><i class=\"fas fa-plus\"><\/i><\/span>\n\t\t\t\t\t\t\t\t<span class=\"elementor-accordion-icon-opened\"><i class=\"fas fa-minus\"><\/i><\/span>\n\t\t\t\t\t\t\t\t\t\t\t\t\t\t<\/span>\n\t\t\t\t\t\t\t\t\t\t\t\t<a class=\"elementor-accordion-title\" tabindex=\"0\">\u00bfPuedo traer mis herramientas de trabajo o equipos de negocio al Per\u00fa?<\/a>\n\t\t\t\t\t<\/div>\n\t\t\t\t\t<div id=\"elementor-tab-content-1066\" class=\"elementor-tab-content elementor-clearfix\" data-tab=\"6\" role=\"region\" aria-labelledby=\"elementor-tab-title-1066\"><p data-start=\"2144\" data-end=\"2297\">S\u00ed. Uno de los beneficios m\u00e1s importantes de la Ley del Retorno es que profesionales, empresarios y trabajadores independientes pueden traer maquinaria, equipos, herramientas o instrumentos profesionales hasta por un valor de USD 350,000, siempre que est\u00e9n vinculados al trabajo o actividad empresarial que desarrollar\u00e1n en el Per\u00fa.<\/p><\/div>\n\t\t\t\t<\/div>\n\t\t\t\t\t\t\t<div class=\"elementor-accordion-item\">\n\t\t\t\t\t<div id=\"elementor-tab-title-1067\" class=\"elementor-tab-title\" data-tab=\"7\" role=\"button\" aria-controls=\"elementor-tab-content-1067\" aria-expanded=\"false\">\n\t\t\t\t\t\t\t\t\t\t\t\t\t<span class=\"elementor-accordion-icon elementor-accordion-icon-left\" aria-hidden=\"true\">\n\t\t\t\t\t\t\t\t\t\t\t\t\t\t\t<span class=\"elementor-accordion-icon-closed\"><i class=\"fas fa-plus\"><\/i><\/span>\n\t\t\t\t\t\t\t\t<span class=\"elementor-accordion-icon-opened\"><i class=\"fas fa-minus\"><\/i><\/span>\n\t\t\t\t\t\t\t\t\t\t\t\t\t\t<\/span>\n\t\t\t\t\t\t\t\t\t\t\t\t<a class=\"elementor-accordion-title\" tabindex=\"0\">\u00bfLa Ley del Retorno reduce mi Impuesto a la Renta en el Per\u00fa?<\/a>\n\t\t\t\t\t<\/div>\n\t\t\t\t\t<div id=\"elementor-tab-content-1067\" class=\"elementor-tab-content elementor-clearfix\" data-tab=\"7\" role=\"region\" aria-labelledby=\"elementor-tab-title-1067\"><p>No directamente. La Ley del Retorno no crea una exoneraci\u00f3n general del Impuesto a la Renta. Sus beneficios principales son aduaneros, patrimoniales y de reinserci\u00f3n econ\u00f3mica. Los temas de Impuesto a la Renta deben analizarse por separado, especialmente en casos de pensiones extranjeras, ingresos empresariales o residencia fiscal.<\/p><\/div>\n\t\t\t\t<\/div>\n\t\t\t\t\t\t\t<div class=\"elementor-accordion-item\">\n\t\t\t\t\t<div id=\"elementor-tab-title-1068\" class=\"elementor-tab-title\" data-tab=\"8\" role=\"button\" aria-controls=\"elementor-tab-content-1068\" aria-expanded=\"false\">\n\t\t\t\t\t\t\t\t\t\t\t\t\t<span class=\"elementor-accordion-icon elementor-accordion-icon-left\" aria-hidden=\"true\">\n\t\t\t\t\t\t\t\t\t\t\t\t\t\t\t<span class=\"elementor-accordion-icon-closed\"><i class=\"fas fa-plus\"><\/i><\/span>\n\t\t\t\t\t\t\t\t<span class=\"elementor-accordion-icon-opened\"><i class=\"fas fa-minus\"><\/i><\/span>\n\t\t\t\t\t\t\t\t\t\t\t\t\t\t<\/span>\n\t\t\t\t\t\t\t\t\t\t\t\t<a class=\"elementor-accordion-title\" tabindex=\"0\">\u00bfVale la pena acogerse a la Ley del Retorno si regreso al Per\u00fa?<\/a>\n\t\t\t\t\t<\/div>\n\t\t\t\t\t<div id=\"elementor-tab-content-1068\" class=\"elementor-tab-content elementor-clearfix\" data-tab=\"8\" role=\"region\" aria-labelledby=\"elementor-tab-title-1068\"><p>En muchos casos, s\u00ed. Puede ser especialmente \u00fatil si vas a traer bienes personales valiosos, mobiliario de calidad, herramientas profesionales, equipos empresariales o un veh\u00edculo. Si solo piensas mudarte con equipaje personal y no traes bienes importantes, el beneficio econ\u00f3mico puede ser limitado.<\/p><\/div>\n\t\t\t\t<\/div>\n\t\t\t\t\t\t\t\t<\/div>\n\t\t\t\t\t\t<\/div>\n\t\t\t\t<\/div>\n\t\t\t\t\t<\/div>\n\t\t<\/div>\n\t\t\t\t\t<\/div>\n\t\t<\/section>\n\t\t\t\t<section class=\"elementor-section elementor-top-section elementor-element elementor-element-5b319b5 elementor-section-full_width elementor-section-stretched elementor-section-height-default elementor-section-height-default\" data-id=\"5b319b5\" data-element_type=\"section\" data-e-type=\"section\" data-settings=\"{&quot;background_background&quot;:&quot;classic&quot;,&quot;stretch_section&quot;:&quot;section-stretched&quot;}\">\n\t\t\t\t\t\t\t<div class=\"elementor-background-overlay\"><\/div>\n\t\t\t\t\t\t\t<div class=\"elementor-container elementor-column-gap-default\">\n\t\t\t\t\t<div class=\"elementor-column elementor-col-100 elementor-top-column elementor-element elementor-element-d348892\" data-id=\"d348892\" data-element_type=\"column\" data-e-type=\"column\">\n\t\t\t<div class=\"elementor-widget-wrap elementor-element-populated\">\n\t\t\t\t\t\t<section class=\"elementor-section elementor-inner-section elementor-element elementor-element-5d8fefc elementor-section-boxed elementor-section-height-default elementor-section-height-default\" data-id=\"5d8fefc\" data-element_type=\"section\" data-e-type=\"section\">\n\t\t\t\t\t\t<div class=\"elementor-container elementor-column-gap-default\">\n\t\t\t\t\t<div class=\"elementor-column elementor-col-50 elementor-inner-column elementor-element elementor-element-e557b4f\" data-id=\"e557b4f\" data-element_type=\"column\" data-e-type=\"column\">\n\t\t\t<div class=\"elementor-widget-wrap elementor-element-populated\">\n\t\t\t\t\t\t<div class=\"elementor-element elementor-element-d43c30f elementor-widget elementor-widget-image\" data-id=\"d43c30f\" data-element_type=\"widget\" data-e-type=\"widget\" data-widget_type=\"image.default\">\n\t\t\t\t<div class=\"elementor-widget-container\">\n\t\t\t\t\t\t\t\t\t\t\t\t\t\t\t<img decoding=\"async\" src=\"https:\/\/nvcabogados.com\/wp-content\/uploads\/elementor\/thumbs\/Sergio400x400-r6gs7ovze29j3e8cmtkyipl85uktqhxzst5cmp5a5c.png\" title=\"Sergio400x400\" alt=\"Sergio400x400\" loading=\"lazy\" \/>\t\t\t\t\t\t\t\t\t\t\t\t\t\t\t<\/div>\n\t\t\t\t<\/div>\n\t\t\t\t\t<\/div>\n\t\t<\/div>\n\t\t\t\t<div class=\"elementor-column elementor-col-50 elementor-inner-column elementor-element elementor-element-40f0d79\" data-id=\"40f0d79\" data-element_type=\"column\" data-e-type=\"column\">\n\t\t\t<div class=\"elementor-widget-wrap elementor-element-populated\">\n\t\t\t\t\t\t<div class=\"elementor-element elementor-element-c0173d5 elementor-widget elementor-widget-heading\" data-id=\"c0173d5\" data-element_type=\"widget\" data-e-type=\"widget\" data-widget_type=\"heading.default\">\n\t\t\t\t<div class=\"elementor-widget-container\">\n\t\t\t\t\t<h2 class=\"elementor-heading-title elementor-size-default\">\u00bfConfundido sobre tus obligaciones tributarias en el Per\u00fa?<\/h2>\t\t\t\t<\/div>\n\t\t\t\t<\/div>\n\t\t\t\t<div class=\"elementor-element elementor-element-fb64890 elementor-widget elementor-widget-text-editor\" data-id=\"fb64890\" data-element_type=\"widget\" data-e-type=\"widget\" data-widget_type=\"text-editor.default\">\n\t\t\t\t<div class=\"elementor-widget-container\">\n\t\t\t\t\t\t\t\t\t<p data-start=\"0\" data-end=\"236\">Ya sea que vivas en el Per\u00fa, tengas propiedades o generes ingresos a nivel local, comprender tus responsabilidades tributarias es esencial. Los errores pueden generar multas, pero una buena planificaci\u00f3n puede reducir tu carga fiscal.<\/p>\n<p data-start=\"238\" data-end=\"390\"><strong>Reserva tu consulta privada con Sergio Vargas para recibir asesor\u00eda tributaria pr\u00e1ctica y personalizada seg\u00fan tu residencia, ingresos y objetivos.<\/strong><\/p>\n<p data-start=\"392\" data-end=\"469\" data-is-last-node=\"\" data-is-only-node=\"\">La sesi\u00f3n se realiza v\u00eda Zoom y puede llevarse a cabo en ingl\u00e9s o en espa\u00f1ol.<\/p>\t\t\t\t\t\t\t\t<\/div>\n\t\t\t\t<\/div>\n\t\t\t\t<div class=\"elementor-element elementor-element-fc7b1a7 elementor-align-center elementor-widget elementor-widget-button\" data-id=\"fc7b1a7\" data-element_type=\"widget\" data-e-type=\"widget\" data-widget_type=\"button.default\">\n\t\t\t\t<div class=\"elementor-widget-container\">\n\t\t\t\t\t\t\t\t\t<div class=\"elementor-button-wrapper\">\n\t\t\t\t\t<a class=\"elementor-button elementor-button-link elementor-size-sm\" href=\"https:\/\/nvcabogados.com\/es\/consulta\" target=\"_blank\">\n\t\t\t\t\t\t<span class=\"elementor-button-content-wrapper\">\n\t\t\t\t\t\t\t\t\t<span class=\"elementor-button-text\">Haz clic aqu\u00ed para agendar tu consulta<\/span>\n\t\t\t\t\t<\/span>\n\t\t\t\t\t<\/a>\n\t\t\t\t<\/div>\n\t\t\t\t\t\t\t\t<\/div>\n\t\t\t\t<\/div>\n\t\t\t\t\t<\/div>\n\t\t<\/div>\n\t\t\t\t\t<\/div>\n\t\t<\/section>\n\t\t\t\t\t<\/div>\n\t\t<\/div>\n\t\t\t\t\t<\/div>\n\t\t<\/section>\n\t\t\t\t<section class=\"elementor-section elementor-top-section elementor-element elementor-element-2a6c322 elementor-section-boxed elementor-section-height-default elementor-section-height-default\" data-id=\"2a6c322\" data-element_type=\"section\" data-e-type=\"section\">\n\t\t\t\t\t\t<div class=\"elementor-container elementor-column-gap-default\">\n\t\t\t\t\t<div class=\"elementor-column elementor-col-100 elementor-top-column elementor-element elementor-element-e6e448d\" data-id=\"e6e448d\" data-element_type=\"column\" data-e-type=\"column\">\n\t\t\t<div class=\"elementor-widget-wrap elementor-element-populated\">\n\t\t\t\t\t\t<div class=\"elementor-element elementor-element-ffa48e7 elementor-widget elementor-widget-heading\" data-id=\"ffa48e7\" data-element_type=\"widget\" data-e-type=\"widget\" data-widget_type=\"heading.default\">\n\t\t\t\t<div class=\"elementor-widget-container\">\n\t\t\t\t\t<h3 class=\"elementor-heading-title elementor-size-default\">Don\u2019t miss out on important updates!<\/h3>\t\t\t\t<\/div>\n\t\t\t\t<\/div>\n\t\t\t\t<div class=\"elementor-element elementor-element-0221ce2 elementor-widget elementor-widget-text-editor\" data-id=\"0221ce2\" data-element_type=\"widget\" data-e-type=\"widget\" data-widget_type=\"text-editor.default\">\n\t\t\t\t<div class=\"elementor-widget-container\">\n\t\t\t\t\t\t\t\t\t<p><strong>Subscribe to our Substack newsletter and get the latest articles <\/strong><strong>on immigration, taxes, and real estate in Peru delivered straight to your inbox. Most of our Substack articles are published only in English.\u00a0<\/strong><\/p>\t\t\t\t\t\t\t\t<\/div>\n\t\t\t\t<\/div>\n\t\t\t\t<div class=\"elementor-element elementor-element-e1528c4 elementor-widget elementor-widget-html\" data-id=\"e1528c4\" data-element_type=\"widget\" data-e-type=\"widget\" data-widget_type=\"html.default\">\n\t\t\t\t<div class=\"elementor-widget-container\">\n\t\t\t\t\t<iframe src=\"https:\/\/immigrationperu.substack.com\/embed\" width=\"480\" height=\"320\" style=\"border:1px solid #EEE; background:white;\" frameborder=\"0\" scrolling=\"no\"><\/iframe>\t\t\t\t<\/div>\n\t\t\t\t<\/div>\n\t\t\t\t\t<\/div>\n\t\t<\/div>\n\t\t\t\t\t<\/div>\n\t\t<\/section>\n\t\t\t\t<\/div>\n\t\t","protected":false},"excerpt":{"rendered":"<p>La Ley del Retorno al Per\u00fa ofrece importantes beneficios aduaneros y tributarios para peruanos que vivieron en el extranjero y desean regresar con sus bienes personales, veh\u00edculo o equipos de trabajo.<\/p>\n","protected":false},"author":4,"featured_media":6307,"comment_status":"open","ping_status":"open","sticky":false,"template":"","format":"standard","meta":{"site-sidebar-layout":"default","site-content-layout":"","ast-site-content-layout":"default","site-content-style":"default","site-sidebar-style":"default","ast-global-header-display":"","ast-banner-title-visibility":"","ast-main-header-display":"","ast-hfb-above-header-display":"","ast-hfb-below-header-display":"","ast-hfb-mobile-header-display":"","site-post-title":"","ast-breadcrumbs-content":"","ast-featured-img":"disabled","footer-sml-layout":"","ast-disable-related-posts":"","theme-transparent-header-meta":"","adv-header-id-meta":"","stick-header-meta":"","header-above-stick-meta":"","header-main-stick-meta":"","header-below-stick-meta":"","astra-migrate-meta-layouts":"set","ast-page-background-enabled":"default","ast-page-background-meta":{"desktop":{"background-color":"","background-image":"","background-repeat":"repeat","background-position":"center center","background-size":"auto","background-attachment":"scroll","background-type":"","background-media":"","overlay-type":"","overlay-color":"","overlay-opacity":"","overlay-gradient":""},"tablet":{"background-color":"","background-image":"","background-repeat":"repeat","background-position":"center center","background-size":"auto","background-attachment":"scroll","background-type":"","background-media":"","overlay-type":"","overlay-color":"","overlay-opacity":"","overlay-gradient":""},"mobile":{"background-color":"","background-image":"","background-repeat":"repeat","background-position":"center center","background-size":"auto","background-attachment":"scroll","background-type":"","background-media":"","overlay-type":"","overlay-color":"","overlay-opacity":"","overlay-gradient":""}},"ast-content-background-meta":{"desktop":{"background-color":"var(--ast-global-color-5)","background-image":"","background-repeat":"repeat","background-position":"center center","background-size":"auto","background-attachment":"scroll","background-type":"","background-media":"","overlay-type":"","overlay-color":"","overlay-opacity":"","overlay-gradient":""},"tablet":{"background-color":"var(--ast-global-color-5)","background-image":"","background-repeat":"repeat","background-position":"center center","background-size":"auto","background-attachment":"scroll","background-type":"","background-media":"","overlay-type":"","overlay-color":"","overlay-opacity":"","overlay-gradient":""},"mobile":{"background-color":"var(--ast-global-color-5)","background-image":"","background-repeat":"repeat","background-position":"center center","background-size":"auto","background-attachment":"scroll","background-type":"","background-media":"","overlay-type":"","overlay-color":"","overlay-opacity":"","overlay-gradient":""}},"footnotes":""},"categories":[78],"tags":[],"class_list":["post-6306","post","type-post","status-publish","format-standard","has-post-thumbnail","hentry","category-inmigracion"],"_links":{"self":[{"href":"https:\/\/nvcabogados.com\/es\/wp-json\/wp\/v2\/posts\/6306","targetHints":{"allow":["GET"]}}],"collection":[{"href":"https:\/\/nvcabogados.com\/es\/wp-json\/wp\/v2\/posts"}],"about":[{"href":"https:\/\/nvcabogados.com\/es\/wp-json\/wp\/v2\/types\/post"}],"author":[{"embeddable":true,"href":"https:\/\/nvcabogados.com\/es\/wp-json\/wp\/v2\/users\/4"}],"replies":[{"embeddable":true,"href":"https:\/\/nvcabogados.com\/es\/wp-json\/wp\/v2\/comments?post=6306"}],"version-history":[{"count":16,"href":"https:\/\/nvcabogados.com\/es\/wp-json\/wp\/v2\/posts\/6306\/revisions"}],"predecessor-version":[{"id":6341,"href":"https:\/\/nvcabogados.com\/es\/wp-json\/wp\/v2\/posts\/6306\/revisions\/6341"}],"wp:featuredmedia":[{"embeddable":true,"href":"https:\/\/nvcabogados.com\/es\/wp-json\/wp\/v2\/media\/6307"}],"wp:attachment":[{"href":"https:\/\/nvcabogados.com\/es\/wp-json\/wp\/v2\/media?parent=6306"}],"wp:term":[{"taxonomy":"category","embeddable":true,"href":"https:\/\/nvcabogados.com\/es\/wp-json\/wp\/v2\/categories?post=6306"},{"taxonomy":"post_tag","embeddable":true,"href":"https:\/\/nvcabogados.com\/es\/wp-json\/wp\/v2\/tags?post=6306"}],"curies":[{"name":"wp","href":"https:\/\/api.w.org\/{rel}","templated":true}]}}